{"id":7704,"date":"2026-03-10T19:10:43","date_gmt":"2026-03-10T19:10:43","guid":{"rendered":"https:\/\/www.newsrecorder.ro\/app\/2026\/03\/10\/ceata-densa-pe-drumurile-din-romania-avertisment-infotrafic-7\/"},"modified":"2026-03-10T19:10:43","modified_gmt":"2026-03-10T19:10:43","slug":"ceata-densa-pe-drumurile-din-romania-avertisment-infotrafic-7","status":"publish","type":"post","link":"https:\/\/www.newsrecorder.ro\/app\/2026\/03\/10\/ceata-densa-pe-drumurile-din-romania-avertisment-infotrafic-7\/","title":{"rendered":"Cea\u021b\u0103 dens\u0103 pe drumurile din Rom\u00e2nia: Avertisment Infotrafic!"},"content":{"rendered":"<p>Centrul Infotrafic din cadrul Inspectoratului General al Poli\u021biei Rom\u00e2ne a adus la cuno\u0219tin\u021b\u0103 c\u0103, \u00een diminea\u021ba de duminic\u0103, nu au fost raportate accidente rutiere care s\u0103 necesite impunerea de restric\u021bii de trafic pe re\u021beaua de autostr\u0103zi \u0219i drumuri na\u021bionale.<\/p>\n<p>Cu toate acestea, condi\u021biile de circula\u021bie sunt afectate de cea\u021b\u0103, care reduce vizibilitatea sub 200 de metri pe mai multe tronsoane de drum din jude\u021bele din regiunile Dobrogea, Moldova, Muntenia \u0219i Oltenia.<\/p>\n<p>De asemenea, cea\u021ba se manifest\u0103 \u0219i pe autostr\u0103zile principale, inclusiv A1 Bucure\u0219ti \u2013 Pite\u0219ti, A2 Bucure\u0219ti \u2013 Constan\u021ba, A3 Bucure\u0219ti \u2013 Ploie\u0219ti, A4 Ovidiu \u2013 Agigea \u0219i A7 Ploie\u0219ti \u2013 Adjud.<\/p>\n<p>\u00centr-un efort de a asigura o circula\u021bie \u00een siguran\u021b\u0103 \u00een aceste condi\u021bii de vizibilitate redus\u0103, Infotrafic recomand\u0103 \u0219oferilor s\u0103 circule cu vitez\u0103 adaptat\u0103 la situa\u021bia meteorologic\u0103 \u0219i starea drumului, s\u0103 m\u0103reasc\u0103 distan\u021ba de siguran\u021b\u0103 \u00eentre vehicule, s\u0103 utilizeze sistemele de iluminare \u0219i dezaburire, \u0219i s\u0103 evite manevrele riscante.<\/p>\n","protected":false},"excerpt":{"rendered":"<p>Centrul Infotrafic din cadrul Inspectoratului General al Poli\u021biei Rom\u00e2ne a adus la cuno\u0219tin\u021b\u0103 c\u0103, \u00een diminea\u021ba de duminic\u0103, nu au fost raportate accidente rutiere care s\u0103 necesite impunerea de restric\u021bii de trafic pe re\u021beaua de autostr\u0103zi \u0219i drumuri na\u021bionale. Cu toate acestea, condi\u021biile de circula\u021bie sunt afectate de cea\u021b\u0103, care reduce vizibilitatea sub 200 de [&hellip;]<\/p>\n","protected":false},"author":5,"featured_media":7705,"comment_status":"open","ping_status":"open","sticky":false,"template":"","format":"standard","meta":{"jnews-multi-image_gallery":[],"jnews_single_post":[],"jnews_primary_category":[],"jnews_override_counter":[],"footnotes":""},"categories":[45],"tags":[5500,2669,131,6656,5505,8660,5499,851],"class_list":["post-7704","post","type-post","status-publish","format-standard","has-post-thumbnail","hentry","category-meteo","tag-accidente-rutiere","tag-autostrazi","tag-ceata","tag-conditii-de-circulatie","tag-infotrafic","tag-restrictii-de-trafic","tag-siguranta-rutiera","tag-vizibilitate"],"_links":{"self":[{"href":"https:\/\/www.newsrecorder.ro\/app\/wp-json\/wp\/v2\/posts\/7704","targetHints":{"allow":["GET"]}}],"collection":[{"href":"https:\/\/www.newsrecorder.ro\/app\/wp-json\/wp\/v2\/posts"}],"about":[{"href":"https:\/\/www.newsrecorder.ro\/app\/wp-json\/wp\/v2\/types\/post"}],"author":[{"embeddable":true,"href":"https:\/\/www.newsrecorder.ro\/app\/wp-json\/wp\/v2\/users\/5"}],"replies":[{"embeddable":true,"href":"https:\/\/www.newsrecorder.ro\/app\/wp-json\/wp\/v2\/comments?post=7704"}],"version-history":[{"count":0,"href":"https:\/\/www.newsrecorder.ro\/app\/wp-json\/wp\/v2\/posts\/7704\/revisions"}],"wp:featuredmedia":[{"embeddable":true,"href":"https:\/\/www.newsrecorder.ro\/app\/wp-json\/wp\/v2\/media\/7705"}],"wp:attachment":[{"href":"https:\/\/www.newsrecorder.ro\/app\/wp-json\/wp\/v2\/media?parent=7704"}],"wp:term":[{"taxonomy":"category","embeddable":true,"href":"https:\/\/www.newsrecorder.ro\/app\/wp-json\/wp\/v2\/categories?post=7704"},{"taxonomy":"post_tag","embeddable":true,"href":"https:\/\/www.newsrecorder.ro\/app\/wp-json\/wp\/v2\/tags?post=7704"}],"curies":[{"name":"wp","href":"https:\/\/api.w.org\/{rel}","templated":true}]}}