{"id":7726,"date":"2026-03-10T19:40:36","date_gmt":"2026-03-10T19:40:36","guid":{"rendered":"https:\/\/www.newsrecorder.ro\/app\/2026\/03\/10\/franz-ferdinand-armata-israeliana-a-folosit-melodia-fara-aprobat\/"},"modified":"2026-03-10T19:40:36","modified_gmt":"2026-03-10T19:40:36","slug":"franz-ferdinand-armata-israeliana-a-folosit-melodia-fara-aprobat","status":"publish","type":"post","link":"https:\/\/www.newsrecorder.ro\/app\/2026\/03\/10\/franz-ferdinand-armata-israeliana-a-folosit-melodia-fara-aprobat\/","title":{"rendered":"Franz Ferdinand: Armata israelian\u0103 a folosit melodia f\u0103r\u0103 aprobat!"},"content":{"rendered":"<p>Controversa a izbucnit recent dup\u0103 ce For\u021bele de Ap\u0103rare ale Israelului (IDF) au publicat un videoclip pe re\u021belele sociale, \u00een care se aude celebra melodie \u201eTake Me Out\u201d a trupei Franz Ferdinand, lansat\u0103 \u00een 2004, f\u0103r\u0103 a avea acordul forma\u021biei, conform unui articol de pe <a href=\"https:\/\/www.euronews.com\/culture\/2026\/03\/09\/franz-ferdinand-call-out-warmongering-murderers-idf-and-their-song-theft-in-propaganda-vid\" target=\"_blank\" rel=\"noopener\">Euronews<\/a>.<\/p>\n<p>\u00cen videoclip, melodia se aude pe fundalul unor imagini cu avioane de lupt\u0103 \u0219i explozii, \u00een timp ce un militar israelian laud\u0103 atacurile aeriene realizate de armat\u0103 \u00een cadrul unei opera\u021biuni militare \u00eempotriva Iranului. Clipul este \u00eenso\u021bit de mesajul \u201eOperation Roaring Lion \u2013 this is how it\u2019s done\u201d.<\/p>\n<p>Reac\u021bia artistului Alex Kapranos, liderul trupei, a fost una dur\u0103. Acesta a folosit Instagram pentru a critica utilizarea piesei f\u0103r\u0103 permisiunea lor. \u201eAce\u0219ti uciga\u0219i belico\u0219i folosesc muzica noastr\u0103 f\u0103r\u0103 consim\u021b\u0103m\u00e2ntul nostru. Ne face s\u0103 ne sim\u021bim dezgusta\u021bi \u0219i furio\u0219i\u201d, a scris Kapranos, subliniind c\u0103 acest gest reflect\u0103 \u201earogan\u021ba de a lua ceea ce nu le apar\u021bine\u201d.<\/p>\n<p>Mesajul s\u0103u a fost rapid distribuit pe re\u021belele sociale, st\u00e2rnind o dezbatere ampl\u0103 despre utilizarea muzicii arti\u0219tilor \u00een scopuri politice sau militare f\u0103r\u0103 acordul acestora.<\/p>\n<p>Aceasta nu este prima dat\u0103 c\u00e2nd o melodie celebr\u0103 este folosit\u0103 \u00een videoclipuri politice sau militare f\u0103r\u0103 aprobarea autorilor. Recent, Antonio Romero Monge, unul dintre compozitorii piesei \u201eMacarena\u201d, a criticat utilizarea melodiei sale \u00eentr-un <a href=\"https:\/\/www.mediafax.ro\/stirile-zilei\/trump-a-marcat-luna-istoriei-negre-la-casa-alba-dupa-scandalul-clipului-rasist-cu-familia-obama-23689407\" target=\"_blank\" rel=\"noopener\">videoclip distribuit de Casa Alb\u0103<\/a>, care prezenta bombardamentele din opera\u021biunea militar\u0103 \u00eempotriva Iranului.<\/p>\n<p>Artistul a declarat c\u0103 a sim\u021bit \u201eun disconfort profund\u201d dup\u0103 ce imaginile cu utilizarea melodiei sale au devenit virale pe internet, eviden\u021biind astfel problema utiliz\u0103rii necorespunz\u0103toare a crea\u021biilor artistice \u00een scopuri politice.<\/p>\n","protected":false},"excerpt":{"rendered":"<p>Controversa a izbucnit recent dup\u0103 ce For\u021bele de Ap\u0103rare ale Israelului (IDF) au publicat un videoclip pe re\u021belele sociale, \u00een care se aude celebra melodie \u201eTake Me Out\u201d a trupei Franz Ferdinand, lansat\u0103 \u00een 2004, f\u0103r\u0103 a avea acordul forma\u021biei, conform unui articol de pe Euronews. \u00cen videoclip, melodia se aude pe fundalul unor imagini [&hellip;]<\/p>\n","protected":false},"author":7,"featured_media":7727,"comment_status":"open","ping_status":"open","sticky":false,"template":"","format":"standard","meta":{"jnews-multi-image_gallery":[],"jnews_single_post":[],"jnews_primary_category":[],"jnews_override_counter":[],"footnotes":""},"categories":[43],"tags":[10562,3608,234,10299,268,271,10300,1955],"class_list":["post-7726","post","type-post","status-publish","format-standard","has-post-thumbnail","hentry","category-cultura","tag-alex-kapranos","tag-atacuri-aeriene","tag-controverse","tag-franz-ferdinand","tag-israel","tag-muzica","tag-operatiune","tag-retele-sociale"],"_links":{"self":[{"href":"https:\/\/www.newsrecorder.ro\/app\/wp-json\/wp\/v2\/posts\/7726","targetHints":{"allow":["GET"]}}],"collection":[{"href":"https:\/\/www.newsrecorder.ro\/app\/wp-json\/wp\/v2\/posts"}],"about":[{"href":"https:\/\/www.newsrecorder.ro\/app\/wp-json\/wp\/v2\/types\/post"}],"author":[{"embeddable":true,"href":"https:\/\/www.newsrecorder.ro\/app\/wp-json\/wp\/v2\/users\/7"}],"replies":[{"embeddable":true,"href":"https:\/\/www.newsrecorder.ro\/app\/wp-json\/wp\/v2\/comments?post=7726"}],"version-history":[{"count":0,"href":"https:\/\/www.newsrecorder.ro\/app\/wp-json\/wp\/v2\/posts\/7726\/revisions"}],"wp:featuredmedia":[{"embeddable":true,"href":"https:\/\/www.newsrecorder.ro\/app\/wp-json\/wp\/v2\/media\/7727"}],"wp:attachment":[{"href":"https:\/\/www.newsrecorder.ro\/app\/wp-json\/wp\/v2\/media?parent=7726"}],"wp:term":[{"taxonomy":"category","embeddable":true,"href":"https:\/\/www.newsrecorder.ro\/app\/wp-json\/wp\/v2\/categories?post=7726"},{"taxonomy":"post_tag","embeddable":true,"href":"https:\/\/www.newsrecorder.ro\/app\/wp-json\/wp\/v2\/tags?post=7726"}],"curies":[{"name":"wp","href":"https:\/\/api.w.org\/{rel}","templated":true}]}}