{"id":7746,"date":"2026-03-10T21:08:13","date_gmt":"2026-03-10T21:08:13","guid":{"rendered":"https:\/\/www.newsrecorder.ro\/app\/2026\/03\/10\/150-de-soldati-americani-raniti-in-conflictul-din-iran-detalii-socante\/"},"modified":"2026-03-10T21:08:13","modified_gmt":"2026-03-10T21:08:13","slug":"150-de-soldati-americani-raniti-in-conflictul-din-iran-detalii-socante","status":"publish","type":"post","link":"https:\/\/www.newsrecorder.ro\/app\/2026\/03\/10\/150-de-soldati-americani-raniti-in-conflictul-din-iran-detalii-socante\/","title":{"rendered":"150 de solda\u021bi americani r\u0103ni\u021bi \u00een conflictul din Iran: Detalii \u0219ocante!"},"content":{"rendered":"<p><strong><a style=\"color: #ff0000\" href=\"https:\/\/www.reuters.com\/world\/middle-east\/many-150-us-troops-wounded-so-far-iran-war-sources-say-2026-03-10\/\">Reuters<\/a><\/strong> a adus \u00een aten\u021bia publicului, \u00een exclusivitate, o informa\u021bie alarmant\u0103: p\u00e2n\u0103 \u00een prezent, 150 de solda\u021bi americani au fost r\u0103ni\u021bi \u00een <strong><a style=\"color: #ff0000\" href=\"https:\/\/www.mediafax.ro\/stirile-zilei\/razboi-in-orientul-mijlociu-ziua-11-sua-capacitatea-iranului-de-a-lansa-rachete-balistice-a-scazut-cu-83-atacuri-ale-israel-in-teheran-si-liban-cele-mai-intense-bombardamente-vor-fi-astazi-23699964\">r\u0103zboiul din Iran.<\/a><\/strong><\/p>\n<p>Acest num\u0103r este semnificativ mai mare dec\u00e2t cel raportat oficial de Pentagon, care a comunicat doar 8 solda\u021bi grav r\u0103ni\u021bi. \u00cen ceea ce prive\u0219te r\u0103spunsul oficial, <strong><a style=\"color: #ff0000\" href=\"https:\/\/www.reuters.com\/world\/middle-east\/many-150-us-troops-wounded-so-far-iran-war-sources-say-2026-03-10\/\">Pentagonul a ales s\u0103 nu comenteze<\/a><\/strong> pe marginea acestei situa\u021bii.<\/p>\n<p>P\u00e2n\u0103 la data de <strong class=\"Yjhzub\" data-sfc-cb=\"\" data-complete=\"true\" data-processed=\"true\">10 martie 2026<\/strong>, bilan\u021bul oficial al victimelor americane \u00een conflictul cu Iranul ar\u0103ta astfel:<\/p>\n<ul class=\"KsbFXc U6u95\" data-sfc-cb=\"\" data-complete=\"true\" data-processed=\"true\">\n<li class=\"dF3vjf\" data-sfc-cb=\"\" data-hveid=\"CAEIAxAA\" data-complete=\"true\" data-sae=\"\"><strong class=\"Yjhzub\" data-sfc-cb=\"\" data-complete=\"true\">7 solda\u021bi deceda\u021bi<\/strong>: <strong><a class=\"H23r4e\" style=\"color: #ff0000\" href=\"https:\/\/www.nytimes.com\/2026\/03\/08\/world\/middleeast\/american-soldier-killed-iran-war.html\" target=\"_blank\" rel=\"noopener\" data-hveid=\"CAEIAxAB\">conform Pentagonului,<\/a><\/strong> decesul a \u0219apte militari americani a fost confirmat.\n<ul class=\"KsbFXc U6u95\" data-sfc-cb=\"\" data-complete=\"true\">\n<li class=\"dF3vjf\" data-sfc-cb=\"\" data-hveid=\"CAEIAxAC\" data-complete=\"true\" data-sae=\"\">\u0218ase dintre ace\u0219tia, parte a unit\u0103\u021bii de rezerv\u0103 103rd Sustainment Command, au fost uci\u0219i \u00eentr-un atac cu dron\u0103 asupra bazei din portul Shuaiba, Kuweit.<\/li>\n<li class=\"dF3vjf\" data-sfc-cb=\"\" data-hveid=\"CAEIAxAD\" data-complete=\"true\" data-sae=\"\">Al \u0219aptelea soldat, identificat ca fiind sergentul Benjamin N. Pennington, a murit din cauza r\u0103nilor suferite \u00een timpul unui atac asupra bazei aeriene Prince Sultan din Arabia Saudit\u0103.<\/li>\n<\/ul>\n<\/li>\n<li class=\"dF3vjf\" data-sfc-cb=\"\" data-hveid=\"CAEIAxAE\" data-complete=\"true\" data-sae=\"\"><strong class=\"Yjhzub\" data-sfc-cb=\"\" data-complete=\"true\">Aproximativ 20 de r\u0103ni\u021bi<\/strong>: Rapoartele din cadrul armatei indic\u0103 faptul c\u0103 cel pu\u021bin <a class=\"H23r4e\" href=\"https:\/\/en.wikipedia.org\/wiki\/2026_Iran_war\" target=\"_blank\" rel=\"noopener\" data-hveid=\"CAEIAxAF\">20 de militari americani au fost r\u0103ni\u021bi<\/a> \u00een diferite incidente de la \u00eenceputul opera\u021biunilor, \u00eencep\u00e2nd cu 28 februarie 2026.<\/li>\n<\/ul>\n","protected":false},"excerpt":{"rendered":"<p>Reuters a adus \u00een aten\u021bia publicului, \u00een exclusivitate, o informa\u021bie alarmant\u0103: p\u00e2n\u0103 \u00een prezent, 150 de solda\u021bi americani au fost r\u0103ni\u021bi \u00een r\u0103zboiul din Iran. Acest num\u0103r este semnificativ mai mare dec\u00e2t cel raportat oficial de Pentagon, care a comunicat doar 8 solda\u021bi grav r\u0103ni\u021bi. \u00cen ceea ce prive\u0219te r\u0103spunsul oficial, Pentagonul a ales s\u0103 [&hellip;]<\/p>\n","protected":false},"author":2,"featured_media":7747,"comment_status":"open","ping_status":"open","sticky":false,"template":"","format":"standard","meta":{"jnews-multi-image_gallery":[],"jnews_single_post":[],"jnews_primary_category":[],"jnews_override_counter":[],"footnotes":""},"categories":[41],"tags":[5749,10577,5195,1306,9356,10578,911,694],"class_list":["post-7746","post","type-post","status-publish","format-standard","has-post-thumbnail","hentry","category-externe","tag-atac-cu-drona","tag-bilant","tag-pentagon","tag-raniti","tag-razboi-iran","tag-sergent-benjamin-n-pennington","tag-soldati-americani","tag-victime"],"_links":{"self":[{"href":"https:\/\/www.newsrecorder.ro\/app\/wp-json\/wp\/v2\/posts\/7746","targetHints":{"allow":["GET"]}}],"collection":[{"href":"https:\/\/www.newsrecorder.ro\/app\/wp-json\/wp\/v2\/posts"}],"about":[{"href":"https:\/\/www.newsrecorder.ro\/app\/wp-json\/wp\/v2\/types\/post"}],"author":[{"embeddable":true,"href":"https:\/\/www.newsrecorder.ro\/app\/wp-json\/wp\/v2\/users\/2"}],"replies":[{"embeddable":true,"href":"https:\/\/www.newsrecorder.ro\/app\/wp-json\/wp\/v2\/comments?post=7746"}],"version-history":[{"count":0,"href":"https:\/\/www.newsrecorder.ro\/app\/wp-json\/wp\/v2\/posts\/7746\/revisions"}],"wp:featuredmedia":[{"embeddable":true,"href":"https:\/\/www.newsrecorder.ro\/app\/wp-json\/wp\/v2\/media\/7747"}],"wp:attachment":[{"href":"https:\/\/www.newsrecorder.ro\/app\/wp-json\/wp\/v2\/media?parent=7746"}],"wp:term":[{"taxonomy":"category","embeddable":true,"href":"https:\/\/www.newsrecorder.ro\/app\/wp-json\/wp\/v2\/categories?post=7746"},{"taxonomy":"post_tag","embeddable":true,"href":"https:\/\/www.newsrecorder.ro\/app\/wp-json\/wp\/v2\/tags?post=7746"}],"curies":[{"name":"wp","href":"https:\/\/api.w.org\/{rel}","templated":true}]}}