{"id":777,"date":"2026-01-28T11:08:06","date_gmt":"2026-01-28T11:08:06","guid":{"rendered":"https:\/\/www.newsrecorder.ro\/app\/2026\/01\/28\/avertizare-de-cod-portocaliu-ploi-torentiale-si-viscol-in-6-judete\/"},"modified":"2026-01-28T11:08:06","modified_gmt":"2026-01-28T11:08:06","slug":"avertizare-de-cod-portocaliu-ploi-torentiale-si-viscol-in-6-judete","status":"publish","type":"post","link":"https:\/\/www.newsrecorder.ro\/app\/2026\/01\/28\/avertizare-de-cod-portocaliu-ploi-torentiale-si-viscol-in-6-judete\/","title":{"rendered":"Avertizare de cod portocaliu: Ploi toren\u021biale \u0219i viscol \u00een 6 jude\u021be!"},"content":{"rendered":"<p>Un cod portocaliu de vreme sever\u0103 a fost emis, valabil de luni, ora 10:00, p\u00e2n\u0103 mar\u021bi, ora 20:00.<\/p>\n<p>\u00cen regiunile deluroase \u0219i montane ale jude\u021belor Mehedin\u021bi, Gorj, V\u00e2lcea, Arge\u0219, D\u00e2mbovi\u021ba \u0219i Prahova, se a\u0219teapt\u0103 precipita\u021bii semnificative sub form\u0103 de ploaie \u0219i lapovi\u021b\u0103, care vor contribui la topirea stratului de z\u0103pad\u0103. Cantit\u0103\u021bile de ap\u0103 acumulate vor varia \u00eentre 60 \u0219i 80 l\/mp.<\/p>\n<p id=\"caption-attachment-23676446\" class=\"wp-caption-text\">Foto: captur\u0103 ANM<\/p>\n<p>La altitudini de peste 1700 metri, predominant vor fi ninsorile, iar stratul de z\u0103pad\u0103 se va \u00eengro\u0219a cu 30-40 cm. V\u00e2ntul va intensifica condi\u021biile meteorologice, cu rafale ce pot dep\u0103\u0219i 100 km\/h, viscolind ninsoarea \u0219i reduc\u00e2nd vizibilitatea sub 50 metri.<\/p>\n<p>\u00cen acela\u0219i timp, este \u00een vigoare o alert\u0103 de cod galben pentru precipita\u021bii \u00eensemnate cantitativ.<\/p>\n<p>\u00cen sudul Banatului, dar \u0219i \u00een jum\u0103tatea nordic\u0103 a Olteniei \u0219i Munteniei, se vor \u00eenregistra precipita\u021bii semnificative sub form\u0103 de ploaie, iar \u00een zonele montane ale jude\u021belor Hunedoara, Alba, Sibiu, Bra\u0219ov, Covasna \u0219i Vrancea, precipita\u021biile vor fi mixte. Aici, se preconizeaz\u0103 acumul\u0103ri de 30-40 l\/mp, iar izolat, cantit\u0103\u021bile pot dep\u0103\u0219i 50 l\/mp.<\/p>\n<p>\u00cen restul \u021b\u0103rii, precipita\u021biile vor fi \u00een general slabe, predomin\u00e2nd ploaia, iar \u00een zonele montane, vor fi mixte. De asemenea, pe arii restr\u00e2nse, v\u00e2ntul va avea intensific\u0103ri cu viteze de 40-45 km\/h.<\/p>\n<p><strong>Vremea \u00een Bucure\u0219ti<\/strong><\/p>\n<p>Luni, temperaturile vor cre\u0219te semnificativ, dep\u0103\u0219ind valorile normale pentru aceast\u0103 perioad\u0103. Cerul va fi predominant noros, cu ploi moderate (10-20 l\/mp), iar v\u00e2ntul va sufla cu intensitate moderat\u0103, ating\u00e2nd viteze de 35-40 km\/h.<\/p>\n<p>Temperatura maxim\u0103 va fi \u00eentre 8 \u0219i 10 grade Celsius, iar cea minim\u0103 se va situa \u00een jurul valorii de 3-4 grade Celsius.<\/p>\n<p>Mar\u021bi, se preconizeaz\u0103 o sc\u0103dere a temperaturilor \u00een compara\u021bie cu ziua anterioar\u0103, dar se vor men\u021bine totu\u0219i peste media obi\u0219nuit\u0103. Cerul va fi acoperit de nori \u0219i temporar vor mai c\u0103dea ploi slabe. V\u00e2ntul va sufla slab \u0219i moderat, iar temperatura maxim\u0103 se va \u00eenv\u00e2rti \u00een jurul valorii de 6 grade Celsius.<\/p>\n","protected":false},"excerpt":{"rendered":"<p>Un cod portocaliu de vreme sever\u0103 a fost emis, valabil de luni, ora 10:00, p\u00e2n\u0103 mar\u021bi, ora 20:00. \u00cen regiunile deluroase \u0219i montane ale jude\u021belor Mehedin\u021bi, Gorj, V\u00e2lcea, Arge\u0219, D\u00e2mbovi\u021ba \u0219i Prahova, se a\u0219teapt\u0103 precipita\u021bii semnificative sub form\u0103 de ploaie \u0219i lapovi\u021b\u0103, care vor contribui la topirea stratului de z\u0103pad\u0103. Cantit\u0103\u021bile de ap\u0103 acumulate vor [&hellip;]<\/p>\n","protected":false},"author":5,"featured_media":778,"comment_status":"open","ping_status":"open","sticky":false,"template":"","format":"standard","meta":{"jnews-multi-image_gallery":[],"jnews_single_post":[],"jnews_primary_category":[],"jnews_override_counter":[],"footnotes":""},"categories":[45],"tags":[1140,852,127,135,137,1142,1141,729],"class_list":["post-777","post","type-post","status-publish","format-standard","has-post-thumbnail","hentry","category-meteo","tag-cod-portocaliu","tag-judete","tag-ninsori","tag-precipitatii","tag-vant","tag-viscol","tag-vreme-severa","tag-zapada"],"_links":{"self":[{"href":"https:\/\/www.newsrecorder.ro\/app\/wp-json\/wp\/v2\/posts\/777","targetHints":{"allow":["GET"]}}],"collection":[{"href":"https:\/\/www.newsrecorder.ro\/app\/wp-json\/wp\/v2\/posts"}],"about":[{"href":"https:\/\/www.newsrecorder.ro\/app\/wp-json\/wp\/v2\/types\/post"}],"author":[{"embeddable":true,"href":"https:\/\/www.newsrecorder.ro\/app\/wp-json\/wp\/v2\/users\/5"}],"replies":[{"embeddable":true,"href":"https:\/\/www.newsrecorder.ro\/app\/wp-json\/wp\/v2\/comments?post=777"}],"version-history":[{"count":0,"href":"https:\/\/www.newsrecorder.ro\/app\/wp-json\/wp\/v2\/posts\/777\/revisions"}],"wp:featuredmedia":[{"embeddable":true,"href":"https:\/\/www.newsrecorder.ro\/app\/wp-json\/wp\/v2\/media\/778"}],"wp:attachment":[{"href":"https:\/\/www.newsrecorder.ro\/app\/wp-json\/wp\/v2\/media?parent=777"}],"wp:term":[{"taxonomy":"category","embeddable":true,"href":"https:\/\/www.newsrecorder.ro\/app\/wp-json\/wp\/v2\/categories?post=777"},{"taxonomy":"post_tag","embeddable":true,"href":"https:\/\/www.newsrecorder.ro\/app\/wp-json\/wp\/v2\/tags?post=777"}],"curies":[{"name":"wp","href":"https:\/\/api.w.org\/{rel}","templated":true}]}}