{"id":7788,"date":"2026-03-11T01:14:05","date_gmt":"2026-03-11T01:14:05","guid":{"rendered":"https:\/\/www.newsrecorder.ro\/app\/2026\/03\/11\/macron-cheama-liderii-g7-sa-discute-despre-cresterea-preturilor-la-energie\/"},"modified":"2026-03-11T01:14:05","modified_gmt":"2026-03-11T01:14:05","slug":"macron-cheama-liderii-g7-sa-discute-despre-cresterea-preturilor-la-energie","status":"publish","type":"post","link":"https:\/\/www.newsrecorder.ro\/app\/2026\/03\/11\/macron-cheama-liderii-g7-sa-discute-despre-cresterea-preturilor-la-energie\/","title":{"rendered":"Macron cheam\u0103 liderii G7 s\u0103 discute despre cre\u0219terea pre\u021burilor la energie"},"content":{"rendered":"<p>Liderii G7 se preg\u0103tesc s\u0103 abordeze efectele conflictului din Orientul Mijlociu asupra pie\u021belor energetice mondiale, \u00een contextul cre\u0219terii rapide a pre\u021burilor petrolului generate de situa\u021bia din regiune, conform unui raport de la <a style=\"color: #0000ff\" href=\"https:\/\/www.reuters.com\/world\/macron-host-g7-leaders-call-iran-crisis-energy-prices-2026-03-10\/\">Reuters<\/a>.<\/p>\n<p>\u00cen urma \u00eent\u00e2lnirii mini\u0219trilor Energiei din G7, desf\u0103\u0219urat\u0103 mar\u021bi, nu s-a ajuns la un consens cu privire la eliberarea rezervelor strategice de petrol pentru a controla pre\u021burile. Totu\u0219i, participan\u021bii au solicitat sprijin din partea Agen\u021biei Interna\u021bionale pentru Energie pentru a evalua situa\u021bia actual\u0103 \u00eenainte de a lua decizii concrete.<\/p>\n<p>\u00cen ziua de luni, pre\u021burile de referin\u021b\u0103 ale petrolului au atins valori apropiate de cele maxime din ultimii patru ani, \u00eens\u0103 au \u00eenregistrat o sc\u0103dere de aproximativ 11% mar\u021bi. Aceast\u0103 diminuare a fost influen\u021bat\u0103 de declara\u021biile pre\u0219edintelui american Donald Trump, care a sugerat c\u0103 r\u0103zboiul din Orientul Mijlociu ar putea fi pe cale s\u0103 se \u00eencheie.<\/p>\n<p>De asemenea, autorit\u0103\u021bile din Statele Unite examineaz\u0103 m\u0103suri menite s\u0103 asigure continuitatea fluxului de resurse prin Str\u00e2mtoarea Hormuz. Printre aceste m\u0103suri se num\u0103r\u0103 escortarea navelor comerciale, conform informa\u021biilor furnizate de generalul Dan Caine, \u0219eful Statului Major Interarme al SUA.<\/p>\n<p>Este important de men\u021bionat c\u0103 Str\u00e2mtoarea Hormuz este crucial\u0103, fiind tranzitat\u0103 de o cincime din transporturile mondiale de petrol \u0219i gaze naturale lichefiate. Din p\u0103cate, traficul \u00een aceast\u0103 zon\u0103 a sc\u0103zut cu aproximativ 97% de la \u00eenceputul conflictului.<\/p>\n","protected":false},"excerpt":{"rendered":"<p>Liderii G7 se preg\u0103tesc s\u0103 abordeze efectele conflictului din Orientul Mijlociu asupra pie\u021belor energetice mondiale, \u00een contextul cre\u0219terii rapide a pre\u021burilor petrolului generate de situa\u021bia din regiune, conform unui raport de la Reuters. \u00cen urma \u00eent\u00e2lnirii mini\u0219trilor Energiei din G7, desf\u0103\u0219urat\u0103 mar\u021bi, nu s-a ajuns la un consens cu privire la eliberarea rezervelor strategice de [&hellip;]<\/p>\n","protected":false},"author":2,"featured_media":7789,"comment_status":"open","ping_status":"open","sticky":false,"template":"","format":"standard","meta":{"jnews-multi-image_gallery":[],"jnews_single_post":[],"jnews_primary_category":[],"jnews_override_counter":[],"footnotes":""},"categories":[39],"tags":[10624,31,6953,2211,10249,8943,10625,10218],"class_list":["post-7788","post","type-post","status-publish","format-standard","has-post-thumbnail","hentry","category-stirile-zilei","tag-agentia-internationala-pentru-energie","tag-jnews_demo_donald-trump","tag-g7","tag-orientul-mijlociu","tag-piete-energetice","tag-preturi-petrol","tag-raport-reuters","tag-rezerve-strategice"],"_links":{"self":[{"href":"https:\/\/www.newsrecorder.ro\/app\/wp-json\/wp\/v2\/posts\/7788","targetHints":{"allow":["GET"]}}],"collection":[{"href":"https:\/\/www.newsrecorder.ro\/app\/wp-json\/wp\/v2\/posts"}],"about":[{"href":"https:\/\/www.newsrecorder.ro\/app\/wp-json\/wp\/v2\/types\/post"}],"author":[{"embeddable":true,"href":"https:\/\/www.newsrecorder.ro\/app\/wp-json\/wp\/v2\/users\/2"}],"replies":[{"embeddable":true,"href":"https:\/\/www.newsrecorder.ro\/app\/wp-json\/wp\/v2\/comments?post=7788"}],"version-history":[{"count":0,"href":"https:\/\/www.newsrecorder.ro\/app\/wp-json\/wp\/v2\/posts\/7788\/revisions"}],"wp:featuredmedia":[{"embeddable":true,"href":"https:\/\/www.newsrecorder.ro\/app\/wp-json\/wp\/v2\/media\/7789"}],"wp:attachment":[{"href":"https:\/\/www.newsrecorder.ro\/app\/wp-json\/wp\/v2\/media?parent=7788"}],"wp:term":[{"taxonomy":"category","embeddable":true,"href":"https:\/\/www.newsrecorder.ro\/app\/wp-json\/wp\/v2\/categories?post=7788"},{"taxonomy":"post_tag","embeddable":true,"href":"https:\/\/www.newsrecorder.ro\/app\/wp-json\/wp\/v2\/tags?post=7788"}],"curies":[{"name":"wp","href":"https:\/\/api.w.org\/{rel}","templated":true}]}}