{"id":7798,"date":"2026-03-11T01:15:33","date_gmt":"2026-03-11T01:15:33","guid":{"rendered":"https:\/\/www.newsrecorder.ro\/app\/2026\/03\/11\/atentie-calatori-podul-prieteniei-din-bulgaria-se-inchide-temporar\/"},"modified":"2026-03-11T01:15:33","modified_gmt":"2026-03-11T01:15:33","slug":"atentie-calatori-podul-prieteniei-din-bulgaria-se-inchide-temporar","status":"publish","type":"post","link":"https:\/\/www.newsrecorder.ro\/app\/2026\/03\/11\/atentie-calatori-podul-prieteniei-din-bulgaria-se-inchide-temporar\/","title":{"rendered":"Aten\u021bie c\u0103l\u0103tori! Podul Prieteniei din Bulgaria se \u00eenchide temporar!"},"content":{"rendered":"<p>Ministerul Afacerilor Externe (MAE) al Rom\u00e2niei a emis o aten\u021bionare important\u0103 pentru to\u021bi cet\u0103\u021benii rom\u00e2ni care se afl\u0103, tranziteaz\u0103 sau pl\u0103nuiesc s\u0103 c\u0103l\u0103toreasc\u0103 \u00een Bulgaria. Conform informa\u021biilor transmise, circula\u021bia pe Podul Prieteniei, care leag\u0103 ora\u0219ele Giurgiu \u0219i Ruse, va fi suspendat\u0103 pentru toate tipurile de vehicule.<\/p>\n<p>\u00cenchiderea podului este programat\u0103 pentru joi, \u00eentre orele 10:00 \u0219i 15:00, din cauza \u201erepara\u021biilor de urgen\u021b\u0103 la suprafa\u021ba drumului\u201d, anun\u021bate de autorit\u0103\u021bile bulgare.<\/p>\n<p>MAE \u00eendeamn\u0103 rom\u00e2nii s\u0103 solicite asisten\u021b\u0103 consular\u0103 la numerele de telefon ale Ambasadei Rom\u00e2niei la Sofia: +359 2971 2858 \u0219i +359 2973 3510. \u00cen cazuri de urgen\u021b\u0103, cet\u0103\u021benii pot apela num\u0103rul de urgen\u021b\u0103 al Ambasadei Rom\u00e2niei la Sofia, care este +359 879 440 758.<\/p>\n<p>\u201eMAE recomand\u0103 consultarea site-urilor web <a href=\"http:\/\/sofia.mae.ro\/\">http:\/\/sofia.mae.ro<\/a>, <a href=\"http:\/\/www.meteoalarm.org\/\">www.meteoalarm.org<\/a>, <a href=\"http:\/\/www.mae.ro\/\">www.mae.ro<\/a> \u0219i reaminte\u0219te c\u0103 cet\u0103\u021benii rom\u00e2ni care c\u0103l\u0103toresc \u00een str\u0103in\u0103tate dispun de aplica\u021bia \u201eC\u0103l\u0103tore\u0219te informat\u201d, care ofer\u0103 informa\u021bii \u0219i sfaturi utile pentru c\u0103l\u0103torie\u201d, se men\u021bioneaz\u0103 \u00een comunicatul emis de minister.<\/p>\n<p>Referitor la suspendarea traficului pe Podul Prieteniei, <a style=\"color: #0000ff\" href=\"https:\/\/www.mediafax.ro\/social\/se-inchide-circulatia-pe-podul-giugiu-ruse-pe-ambele-sensuri-23700396\">IPJ Giurgiu<\/a> a recomandat tuturor participan\u021bilor la trafic s\u0103 se preg\u0103teasc\u0103 din timp \u0219i s\u0103-\u0219i reconfigureze traseul \u00een perioada men\u021bionat\u0103.<\/p>\n<p>Pentru a evita blocajele \u0219i a reduce timpii de a\u0219teptare, poli\u021bi\u0219tii sugereaz\u0103 o planificare atent\u0103 a c\u0103l\u0103toriilor, utiliz\u00e2nd rute alternative, dup\u0103 cum urmeaz\u0103:<\/p>\n<ul>\n<li>Jude\u021bul Dolj: Calafat, Bechet<\/li>\n<li>Jude\u021bul Teleorman: Zimnicea, Turnu M\u0103gurele<\/li>\n<li>Jude\u021bul C\u0103l\u0103ra\u0219i: C\u0103l\u0103ra\u0219i<\/li>\n<li>Jude\u021bul Constan\u021ba: Vama Veche, Ostrov, Negru Vod\u0103, Lipni\u021ba, Dobromir<\/li>\n<\/ul>\n","protected":false},"excerpt":{"rendered":"<p>Ministerul Afacerilor Externe (MAE) al Rom\u00e2niei a emis o aten\u021bionare important\u0103 pentru to\u021bi cet\u0103\u021benii rom\u00e2ni care se afl\u0103, tranziteaz\u0103 sau pl\u0103nuiesc s\u0103 c\u0103l\u0103toreasc\u0103 \u00een Bulgaria. Conform informa\u021biilor transmise, circula\u021bia pe Podul Prieteniei, care leag\u0103 ora\u0219ele Giurgiu \u0219i Ruse, va fi suspendat\u0103 pentru toate tipurile de vehicule. \u00cenchiderea podului este programat\u0103 pentru joi, \u00eentre orele 10:00 [&hellip;]<\/p>\n","protected":false},"author":2,"featured_media":7799,"comment_status":"open","ping_status":"open","sticky":false,"template":"","format":"standard","meta":{"jnews-multi-image_gallery":[],"jnews_single_post":[],"jnews_primary_category":[],"jnews_override_counter":[],"footnotes":""},"categories":[39],"tags":[8581,8459,10634,1922,4408,4184,10635,10636],"class_list":["post-7798","post","type-post","status-publish","format-standard","has-post-thumbnail","hentry","category-stirile-zilei","tag-ambasada-romaniei","tag-asistenta-consulara","tag-atentionare","tag-bulgaria","tag-cetateni-romani","tag-mae","tag-podul-prieteniei","tag-reparatii"],"_links":{"self":[{"href":"https:\/\/www.newsrecorder.ro\/app\/wp-json\/wp\/v2\/posts\/7798","targetHints":{"allow":["GET"]}}],"collection":[{"href":"https:\/\/www.newsrecorder.ro\/app\/wp-json\/wp\/v2\/posts"}],"about":[{"href":"https:\/\/www.newsrecorder.ro\/app\/wp-json\/wp\/v2\/types\/post"}],"author":[{"embeddable":true,"href":"https:\/\/www.newsrecorder.ro\/app\/wp-json\/wp\/v2\/users\/2"}],"replies":[{"embeddable":true,"href":"https:\/\/www.newsrecorder.ro\/app\/wp-json\/wp\/v2\/comments?post=7798"}],"version-history":[{"count":0,"href":"https:\/\/www.newsrecorder.ro\/app\/wp-json\/wp\/v2\/posts\/7798\/revisions"}],"wp:featuredmedia":[{"embeddable":true,"href":"https:\/\/www.newsrecorder.ro\/app\/wp-json\/wp\/v2\/media\/7799"}],"wp:attachment":[{"href":"https:\/\/www.newsrecorder.ro\/app\/wp-json\/wp\/v2\/media?parent=7798"}],"wp:term":[{"taxonomy":"category","embeddable":true,"href":"https:\/\/www.newsrecorder.ro\/app\/wp-json\/wp\/v2\/categories?post=7798"},{"taxonomy":"post_tag","embeddable":true,"href":"https:\/\/www.newsrecorder.ro\/app\/wp-json\/wp\/v2\/tags?post=7798"}],"curies":[{"name":"wp","href":"https:\/\/api.w.org\/{rel}","templated":true}]}}