{"id":7808,"date":"2026-03-11T07:21:28","date_gmt":"2026-03-11T07:21:28","guid":{"rendered":"https:\/\/www.newsrecorder.ro\/app\/2026\/03\/11\/basescu-ii-transmite-lui-dan-actioneaza-rapid-fara-amanari\/"},"modified":"2026-03-11T07:21:28","modified_gmt":"2026-03-11T07:21:28","slug":"basescu-ii-transmite-lui-dan-actioneaza-rapid-fara-amanari","status":"publish","type":"post","link":"https:\/\/www.newsrecorder.ro\/app\/2026\/03\/11\/basescu-ii-transmite-lui-dan-actioneaza-rapid-fara-amanari\/","title":{"rendered":"B\u0103sescu \u00eei transmite lui Dan: Ac\u021bioneaz\u0103 rapid, f\u0103r\u0103 am\u00e2n\u0103ri!"},"content":{"rendered":"<p>\u00centr-o postare pe Facebook, fostul pre\u0219edinte Traian B\u0103sescu a subliniat c\u0103 Donald Trump \u00ee\u0219i caut\u0103 alia\u021bi, eviden\u021biind c\u0103, dup\u0103 retragerea majorit\u0103\u021bii militarilor americani de la baza Kog\u0103lniceanu \u00een anul 2025, acesta ar putea avea nevoie de Rom\u00e2nia. B\u0103sescu a subliniat c\u0103 aceast\u0103 retragere a fost f\u0103cut\u0103 cu mult\u0103 ostenta\u021bie, spre bucuria lui Vladimir Putin, iar la Munchen, Rom\u00e2nia a fost umilit\u0103 prin declara\u021biile purt\u0103torului de cuv\u00e2nt Vance.<\/p>\n<p>Fostul pre\u0219edinte a men\u021bionat c\u0103, \u00een prezent, se pare c\u0103 Statele Unite au nevoie de baza de la Kog\u0103lniceanu. El a reamintit semnarea unui \u201eACORD DE ACCES\u201d la Bucure\u0219ti pe 6 decembrie 2005, care a intrat \u00een vigoare pe 21 iunie 2006. Conform acestui acord, Armata SUA are acces la baza Kog\u0103lniceanu, un aspect important ce trebuie subliniat: \u201eAceasta nu se datoreaz\u0103 nevoilor lui Trump, ci nevoilor aliatului nostru, America.\u201d<\/p>\n<p>\u00cen acest context, B\u0103sescu a adresat un mesaj pre\u0219edintelui \u00een func\u021bie, Nicu\u0219or Dan, subliniind importan\u021ba unei reac\u021bii rapide din partea Rom\u00e2niei. \u201eAv\u00e2nd \u00een vedere dinamica evenimentelor din Orientul Mijlociu, pre\u0219edintele Dan \u0219i Rom\u00e2nia trebuie s\u0103 ac\u021bioneze f\u0103r\u0103 tergivers\u0103ri, am\u00e2n\u0103ri sau ezit\u0103ri. Totu\u0219i, Trump trebuie s\u0103 \u00een\u021beleag\u0103 c\u0103 accesul la Kog\u0103lniceanu pentru opera\u021biunile \u00een Orientul Mijlociu are un cost.\u201d<\/p>\n<p>Pe de alt\u0103 parte, ast\u0103zi, la ora 9:30, Consiliul Suprem de Ap\u0103rare a \u021a\u0103rii (CSAT) se va reuni la Palatul Cotroceni. Aceast\u0103 \u0219edin\u021b\u0103, convocat\u0103 de pre\u0219edintele Nicu\u0219or Dan, are ca scop analiza disloc\u0103rii temporare \u00een Rom\u00e2nia a unor capabilit\u0103\u021bi militare, un subiect de mare interes \u00een contextul actual al securit\u0103\u021bii regionale.<\/p>\n","protected":false},"excerpt":{"rendered":"<p>\u00centr-o postare pe Facebook, fostul pre\u0219edinte Traian B\u0103sescu a subliniat c\u0103 Donald Trump \u00ee\u0219i caut\u0103 alia\u021bi, eviden\u021biind c\u0103, dup\u0103 retragerea majorit\u0103\u021bii militarilor americani de la baza Kog\u0103lniceanu \u00een anul 2025, acesta ar putea avea nevoie de Rom\u00e2nia. B\u0103sescu a subliniat c\u0103 aceast\u0103 retragere a fost f\u0103cut\u0103 cu mult\u0103 ostenta\u021bie, spre bucuria lui Vladimir Putin, iar [&hellip;]<\/p>\n","protected":false},"author":2,"featured_media":7809,"comment_status":"open","ping_status":"open","sticky":false,"template":"","format":"standard","meta":{"jnews-multi-image_gallery":[],"jnews_single_post":[],"jnews_primary_category":[],"jnews_override_counter":[],"footnotes":""},"categories":[42],"tags":[10658,10657,31,916,149,680,310,6027],"class_list":["post-7808","post","type-post","status-publish","format-standard","has-post-thumbnail","hentry","category-politica","tag-acord-de-acces","tag-baza-kogalniceanu","tag-jnews_demo_donald-trump","tag-militar","tag-romania","tag-statele-unite","tag-traian-basescu","tag-vladimir-putin"],"_links":{"self":[{"href":"https:\/\/www.newsrecorder.ro\/app\/wp-json\/wp\/v2\/posts\/7808","targetHints":{"allow":["GET"]}}],"collection":[{"href":"https:\/\/www.newsrecorder.ro\/app\/wp-json\/wp\/v2\/posts"}],"about":[{"href":"https:\/\/www.newsrecorder.ro\/app\/wp-json\/wp\/v2\/types\/post"}],"author":[{"embeddable":true,"href":"https:\/\/www.newsrecorder.ro\/app\/wp-json\/wp\/v2\/users\/2"}],"replies":[{"embeddable":true,"href":"https:\/\/www.newsrecorder.ro\/app\/wp-json\/wp\/v2\/comments?post=7808"}],"version-history":[{"count":0,"href":"https:\/\/www.newsrecorder.ro\/app\/wp-json\/wp\/v2\/posts\/7808\/revisions"}],"wp:featuredmedia":[{"embeddable":true,"href":"https:\/\/www.newsrecorder.ro\/app\/wp-json\/wp\/v2\/media\/7809"}],"wp:attachment":[{"href":"https:\/\/www.newsrecorder.ro\/app\/wp-json\/wp\/v2\/media?parent=7808"}],"wp:term":[{"taxonomy":"category","embeddable":true,"href":"https:\/\/www.newsrecorder.ro\/app\/wp-json\/wp\/v2\/categories?post=7808"},{"taxonomy":"post_tag","embeddable":true,"href":"https:\/\/www.newsrecorder.ro\/app\/wp-json\/wp\/v2\/tags?post=7808"}],"curies":[{"name":"wp","href":"https:\/\/api.w.org\/{rel}","templated":true}]}}