{"id":781,"date":"2026-01-28T11:09:04","date_gmt":"2026-01-28T11:09:04","guid":{"rendered":"https:\/\/www.newsrecorder.ro\/app\/2026\/01\/28\/alerta-anm-ceata-densa-si-risc-de-ghetus-in-15-judete\/"},"modified":"2026-01-28T11:09:04","modified_gmt":"2026-01-28T11:09:04","slug":"alerta-anm-ceata-densa-si-risc-de-ghetus-in-15-judete","status":"publish","type":"post","link":"https:\/\/www.newsrecorder.ro\/app\/2026\/01\/28\/alerta-anm-ceata-densa-si-risc-de-ghetus-in-15-judete\/","title":{"rendered":"Alert\u0103 ANM: Cea\u021b\u0103 dens\u0103 \u0219i risc de ghe\u021bu\u0219 \u00een 15 jude\u021be!"},"content":{"rendered":"<p>Meteorologii din Rom\u00e2nia au emis, s\u00e2mb\u0103t\u0103, mai multe avertiz\u0103ri nowcasting de cea\u021b\u0103, care sunt valabile pentru sute de localit\u0103\u021bi din 15 jude\u021be ale \u021b\u0103rii. Acest fenomen afecteaz\u0103 semnificativ circula\u021bia rutier\u0103, vizibilitatea sc\u0103z\u00e2nd sub 50 de metri \u00een anumite zone.<\/p>\n<p>Avertiz\u0103rile sunt \u00een vigoare p\u00e2n\u0103 la ora 10:00, conform informa\u021biilor furnizate de Administra\u021bia Na\u021bional\u0103 de Meteorologie (ANM).<\/p>\n<p>\u00cen jude\u021bul Constan\u021ba, codul galben este activ \u00een localit\u0103\u021bile Medgidia, Cernavod\u0103, Murfatlar, H\u00e2r\u0219ova \u0219i multe altele, inclusiv Mihail Kog\u0103lniceanu, Cobadin, Negru Vod\u0103, Topraisar, \u0219i Ciobanu.<\/p>\n<p>\u00cen jude\u021bul Suceava, cea\u021ba afecteaz\u0103 ora\u0219ele C\u00e2mpulung Moldovenesc, Vatra Dornei, Vama, \u0219i Fundu Moldovei, printre altele.<\/p>\n<p>Jude\u021bul Gorj se afl\u0103 sub avertizare \u00een localit\u0103\u021bile T\u00e2rgu Jiu, Motru, Rovinari, \u0219i T\u00e2rgu C\u0103rbune\u0219ti, fiind afectate multe alte localit\u0103\u021bi din zon\u0103.<\/p>\n<p>\u00cen jude\u021bul Olt, localit\u0103\u021bile vizate includ Scornice\u0219ti, Iancu Jianu, Colone\u0219ti, \u0219i Ple\u015foiu, printre altele.<\/p>\n<p>De asemenea, \u00een jude\u021bul Dolj, avertizarea se aplic\u0103 pentru ora\u0219ele Filia\u0219i, Argetoaia, Meline\u0219ti, \u0219i \u0218imnicu de Sus, printre altele.<\/p>\n<p>\u00cen jude\u021bul V\u00e2lcea, codul galben este \u00een vigoare \u00een localit\u0103\u021bile Dr\u0103g\u0103\u0219ani, B\u0103lce\u0219ti, \u0219i Prundeni, printre altele.<\/p>\n<p>\u00cen jude\u021bul Mehedin\u021bi, cea\u021ba afecteaz\u0103 ora\u0219ele Drobeta-Turnu Severin, Strehaia, \u0219i V\u00e2nju Mare, inclusiv alte localit\u0103\u021bi din zon\u0103.<\/p>\n<p>\u00cen jude\u021bul Ialomi\u021ba, cea\u021ba este prezent\u0103 \u00een Slobozia, Fete\u0219ti, Amara, \u0219i alte localit\u0103\u021bi.<\/p>\n<p>Jude\u021bul Arge\u0219 are avertiz\u0103ri \u00een Pite\u0219ti, C\u00e2mpulung, Curtea de Arge\u0219, \u0219i Mioveni, printre altele.<\/p>\n<p>\u00cen jude\u021bul C\u0103l\u0103ra\u0219i, localit\u0103\u021bile afectate includ Borcea, Dragalina, \u0219i Jeg\u0103lia, \u00een timp ce \u00een jude\u021bul Covasna, sunt incluse Baraolt, Br\u0103du\u021b, \u0219i B\u0103\u021bani.<\/p>\n<p>De asemenea, zonele depresionare din jude\u021bul Bra\u0219ov, precum Bra\u0219ov, S\u0103cele, \u0219i R\u00e2\u0219nov, sunt sub inciden\u021ba avertiz\u0103rii.<\/p>\n<p>\u00cen jude\u021bul Harghita, localit\u0103\u021bile afectate includ Miercurea Ciuc, Topli\u021ba, \u0219i Gheorgheni, printre altele.<\/p>\n<p>Zona joas\u0103 a jude\u021bului Alba este sub cod galben \u00een ora\u0219ele Alba Iulia, Aiud, \u0219i Sebe\u0219, printre multe altele.<\/p>\n<p>\u00cen jude\u021bul Sibiu, avertizarea se aplic\u0103 \u00een Sibiu, Media\u0219, \u0219i Cisn\u0103die, printre altele.<\/p>\n<p>Zona joas\u0103 a jude\u021bului Mure\u0219 este afectat\u0103 \u00een localit\u0103\u021bile T\u00e2rgu Mure\u0219, Sighi\u0219oara, \u0219i Ludu\u0219, printre altele.<\/p>\n<p>Meteorologii avertizeaz\u0103 c\u0103 \u00een toate zonele afectate se manifest\u0103 \u201ecea\u021b\u0103 ce determin\u0103 vizibilitate redus\u0103, local sub 200 m \u0219i izolat sub 50 m, ce va favoriza, \u00een func\u021bie de condi\u021biile locale, formarea ghe\u021bu\u0219ului\u201d.<\/p>\n<p>\u00cen plus, se pot \u00eenregistra \u0219i precipita\u021bii mixte \u00een unele regiuni, care ar putea conduce la depuneri de polei, conform ANM.<\/p>\n","protected":false},"excerpt":{"rendered":"<p>Meteorologii din Rom\u00e2nia au emis, s\u00e2mb\u0103t\u0103, mai multe avertiz\u0103ri nowcasting de cea\u021b\u0103, care sunt valabile pentru sute de localit\u0103\u021bi din 15 jude\u021be ale \u021b\u0103rii. Acest fenomen afecteaz\u0103 semnificativ circula\u021bia rutier\u0103, vizibilitatea sc\u0103z\u00e2nd sub 50 de metri \u00een anumite zone. Avertiz\u0103rile sunt \u00een vigoare p\u00e2n\u0103 la ora 10:00, conform informa\u021biilor furnizate de Administra\u021bia Na\u021bional\u0103 de Meteorologie [&hellip;]<\/p>\n","protected":false},"author":5,"featured_media":782,"comment_status":"open","ping_status":"open","sticky":false,"template":"","format":"standard","meta":{"jnews-multi-image_gallery":[],"jnews_single_post":[],"jnews_primary_category":[],"jnews_override_counter":[],"footnotes":""},"categories":[45],"tags":[740,131,853,852,854,149,851],"class_list":["post-781","post","type-post","status-publish","format-standard","has-post-thumbnail","hentry","category-meteo","tag-avertizari-meteorologice","tag-ceata","tag-circulatie-rutiera","tag-judete","tag-localitati","tag-romania","tag-vizibilitate"],"_links":{"self":[{"href":"https:\/\/www.newsrecorder.ro\/app\/wp-json\/wp\/v2\/posts\/781","targetHints":{"allow":["GET"]}}],"collection":[{"href":"https:\/\/www.newsrecorder.ro\/app\/wp-json\/wp\/v2\/posts"}],"about":[{"href":"https:\/\/www.newsrecorder.ro\/app\/wp-json\/wp\/v2\/types\/post"}],"author":[{"embeddable":true,"href":"https:\/\/www.newsrecorder.ro\/app\/wp-json\/wp\/v2\/users\/5"}],"replies":[{"embeddable":true,"href":"https:\/\/www.newsrecorder.ro\/app\/wp-json\/wp\/v2\/comments?post=781"}],"version-history":[{"count":0,"href":"https:\/\/www.newsrecorder.ro\/app\/wp-json\/wp\/v2\/posts\/781\/revisions"}],"wp:featuredmedia":[{"embeddable":true,"href":"https:\/\/www.newsrecorder.ro\/app\/wp-json\/wp\/v2\/media\/782"}],"wp:attachment":[{"href":"https:\/\/www.newsrecorder.ro\/app\/wp-json\/wp\/v2\/media?parent=781"}],"wp:term":[{"taxonomy":"category","embeddable":true,"href":"https:\/\/www.newsrecorder.ro\/app\/wp-json\/wp\/v2\/categories?post=781"},{"taxonomy":"post_tag","embeddable":true,"href":"https:\/\/www.newsrecorder.ro\/app\/wp-json\/wp\/v2\/tags?post=781"}],"curies":[{"name":"wp","href":"https:\/\/api.w.org\/{rel}","templated":true}]}}