{"id":7812,"date":"2026-03-11T07:22:19","date_gmt":"2026-03-11T07:22:19","guid":{"rendered":"https:\/\/www.newsrecorder.ro\/app\/2026\/03\/11\/csat-discuta-despre-trimiterea-trupelor-si-avioanelor-americane-in-romania\/"},"modified":"2026-03-11T07:22:19","modified_gmt":"2026-03-11T07:22:19","slug":"csat-discuta-despre-trimiterea-trupelor-si-avioanelor-americane-in-romania","status":"publish","type":"post","link":"https:\/\/www.newsrecorder.ro\/app\/2026\/03\/11\/csat-discuta-despre-trimiterea-trupelor-si-avioanelor-americane-in-romania\/","title":{"rendered":"CSAT discut\u0103 despre trimiterea trupelor \u0219i avioanelor americane \u00een Rom\u00e2nia"},"content":{"rendered":"<p>Pre\u0219edintele Nicu\u0219or Dan a convocat o important\u0103 \u0219edin\u021b\u0103 a Consiliului Suprem de Ap\u0103rare a \u021a\u0103rii (CSAT), programat\u0103 pentru miercuri, la ora 09:30, la Palatul Cotroceni.<\/p>\n<p>Conform informa\u021biilor furnizate de Administra\u021bia Preziden\u021bial\u0103, agenda \u00eent\u00e2lnirii va include mai multe subiecte esen\u021biale. Unul dintre acestea se refer\u0103 la situa\u021bia actual\u0103 din Orientul Mijlociu \u0219i implica\u021biile acesteia pentru Rom\u00e2nia.<\/p>\n<p>\u00cen plus, se va discuta despre evaluarea impactului evenimentelor din Orientul Mijlociu asupra pie\u021bei petroliere din \u021bar\u0103, un aspect deosebit de relevant \u00een contextul economic actual.<\/p>\n<p>Un alt punct important pe ordinea de zi va fi analiza posibilit\u0103\u021bii disloc\u0103rii temporare pe teritoriul Rom\u00e2niei a unor capabilit\u0103\u021bi militare, o m\u0103sur\u0103 care ar putea influen\u021ba securitatea na\u021bional\u0103.<\/p>\n<p>\u00centr-o relatare publicat\u0103 mar\u021bi de G4Media, se men\u021bioneaz\u0103 c\u0103 Statele Unite sunt interesate s\u0103 trimit\u0103 avioane la baza de la Mihail Kog\u0103lniceanu, pentru a facilita eventuale interven\u021bii \u00een Orientul Mijlociu, conform mai multor surse. Aceste discu\u021bii sunt \u00eenc\u0103 la stadiu incipient \u0219i se desf\u0103\u0219oar\u0103 \u00een mod informal, au ad\u0103ugat sursele pentru G4Media.<\/p>\n<p>&nbsp;<\/p>\n","protected":false},"excerpt":{"rendered":"<p>Pre\u0219edintele Nicu\u0219or Dan a convocat o important\u0103 \u0219edin\u021b\u0103 a Consiliului Suprem de Ap\u0103rare a \u021a\u0103rii (CSAT), programat\u0103 pentru miercuri, la ora 09:30, la Palatul Cotroceni. Conform informa\u021biilor furnizate de Administra\u021bia Preziden\u021bial\u0103, agenda \u00eent\u00e2lnirii va include mai multe subiecte esen\u021biale. Unul dintre acestea se refer\u0103 la situa\u021bia actual\u0103 din Orientul Mijlociu \u0219i implica\u021biile acesteia pentru Rom\u00e2nia. [&hellip;]<\/p>\n","protected":false},"author":2,"featured_media":7813,"comment_status":"open","ping_status":"open","sticky":false,"template":"","format":"standard","meta":{"jnews-multi-image_gallery":[],"jnews_single_post":[],"jnews_primary_category":[],"jnews_override_counter":[],"footnotes":""},"categories":[42],"tags":[1830,10660,8065,4170,286,2211,10251,416],"class_list":["post-7812","post","type-post","status-publish","format-standard","has-post-thumbnail","hentry","category-politica","tag-administratia-prezidentiala","tag-baza-mihail-kogalniceanu","tag-capabilitati-militare","tag-csat","tag-nicusor-dan","tag-orientul-mijlociu","tag-piata-petroliera","tag-securitate-nationala"],"_links":{"self":[{"href":"https:\/\/www.newsrecorder.ro\/app\/wp-json\/wp\/v2\/posts\/7812","targetHints":{"allow":["GET"]}}],"collection":[{"href":"https:\/\/www.newsrecorder.ro\/app\/wp-json\/wp\/v2\/posts"}],"about":[{"href":"https:\/\/www.newsrecorder.ro\/app\/wp-json\/wp\/v2\/types\/post"}],"author":[{"embeddable":true,"href":"https:\/\/www.newsrecorder.ro\/app\/wp-json\/wp\/v2\/users\/2"}],"replies":[{"embeddable":true,"href":"https:\/\/www.newsrecorder.ro\/app\/wp-json\/wp\/v2\/comments?post=7812"}],"version-history":[{"count":0,"href":"https:\/\/www.newsrecorder.ro\/app\/wp-json\/wp\/v2\/posts\/7812\/revisions"}],"wp:featuredmedia":[{"embeddable":true,"href":"https:\/\/www.newsrecorder.ro\/app\/wp-json\/wp\/v2\/media\/7813"}],"wp:attachment":[{"href":"https:\/\/www.newsrecorder.ro\/app\/wp-json\/wp\/v2\/media?parent=7812"}],"wp:term":[{"taxonomy":"category","embeddable":true,"href":"https:\/\/www.newsrecorder.ro\/app\/wp-json\/wp\/v2\/categories?post=7812"},{"taxonomy":"post_tag","embeddable":true,"href":"https:\/\/www.newsrecorder.ro\/app\/wp-json\/wp\/v2\/tags?post=7812"}],"curies":[{"name":"wp","href":"https:\/\/api.w.org\/{rel}","templated":true}]}}