{"id":7814,"date":"2026-03-11T07:22:33","date_gmt":"2026-03-11T07:22:33","guid":{"rendered":"https:\/\/www.newsrecorder.ro\/app\/2026\/03\/11\/ilie-bolojan-si-schwarz-group-investitii-revolutionare-in-alimentatie-si-digitalizare\/"},"modified":"2026-03-11T07:22:33","modified_gmt":"2026-03-11T07:22:33","slug":"ilie-bolojan-si-schwarz-group-investitii-revolutionare-in-alimentatie-si-digitalizare","status":"publish","type":"post","link":"https:\/\/www.newsrecorder.ro\/app\/2026\/03\/11\/ilie-bolojan-si-schwarz-group-investitii-revolutionare-in-alimentatie-si-digitalizare\/","title":{"rendered":"Ilie Bolojan \u0219i Schwarz Group: Investi\u021bii revolu\u021bionare \u00een alimenta\u021bie \u0219i digitalizare!"},"content":{"rendered":"<p>Guvernul Rom\u00e2niei a subliniat recent c\u0103 pachetul de stimulare economic\u0103 propus include o serie de mecanisme menite s\u0103 sprijine investi\u021biile. Acestea constau \u00een credite garantate de stat, scheme de ajutor de stat \u0219i alte facilit\u0103\u021bi, toate conform normelor europene.<\/p>\n<p>Scopul acestor instrumente este de a sprijini dezvoltarea capacit\u0103\u021bilor de produc\u021bie din sectorul alimentar.<\/p>\n<p>\u00cen cadrul discu\u021biilor, premierul <a href=\"https:\/\/www.mediafax.ro\/economic\/reducerea-deficitului-comercial-ilie-bolojan-ar-fi-discutat-cu-ceo-ul-schwarz-group-despre-investitii-si-fabrici-in-romania-23700489\">Ilie Bolojan<\/a> a eviden\u021biat deschiderea Guvernului de a sus\u021bine companiile rom\u00e2ne\u0219ti. El a men\u021bionat c\u0103 este esen\u021bial ca produc\u0103torii locali s\u0103 \u00ee\u0219i dezvolte capacit\u0103\u021bile \u0219i s\u0103 ating\u0103 standardele interna\u021bionale necesare pentru a concura pe pie\u021bele externe.<\/p>\n<p>\u201eGuvernul este preg\u0103tit s\u0103 sprijine produc\u0103torii rom\u00e2ni competitivi \u00een cre\u0219terea capacit\u0103\u021bii de produc\u021bie \u0219i \u00een \u00eendeplinirea cerin\u021belor pie\u021belor externe. Totodat\u0103, colaborarea cu mari companii interna\u021bionale va transforma profund abordarea noastr\u0103\u201d, a declarat premierul.<\/p>\n<p>Un alt subiect important pe agenda discu\u021biilor a fost reprezentat de oportunit\u0103\u021bile de colaborare \u00een domeniul digital. Investi\u021biile \u00een digitalizare, integrarea sistemelor digitale \u0219i securitatea cibernetic\u0103 sunt considerate esen\u021biale pentru buna func\u021bionare a economiei, conform declara\u021biilor oficiale.<\/p>\n<p>Premierul a adresat mul\u021bumiri reprezentan\u021bilor Schwarz Group pentru investi\u021biile realizate \u00een Rom\u00e2nia \u0219i a subliniat c\u0103 economia local\u0103 ofer\u0103 numeroase oportunit\u0103\u021bi pentru dezvoltarea de noi proiecte.<\/p>\n<p>La \u00eent\u00e2lnirea de la Palatul Victoria, al\u0103turi de premier, au participat vicepremierul Marian Neac\u0219u, \u0219eful Cancelariei prim-ministrului, Mihai Jurca, \u0219i consilierul de stat Raul Gutin. Din partea companiei, au fost prezen\u021bi CEO-ul Schwarz Group, Gerd Chrzanowski, \u0219i Christian Groh.<\/p>\n","protected":false},"excerpt":{"rendered":"<p>Guvernul Rom\u00e2niei a subliniat recent c\u0103 pachetul de stimulare economic\u0103 propus include o serie de mecanisme menite s\u0103 sprijine investi\u021biile. Acestea constau \u00een credite garantate de stat, scheme de ajutor de stat \u0219i alte facilit\u0103\u021bi, toate conform normelor europene. Scopul acestor instrumente este de a sprijini dezvoltarea capacit\u0103\u021bilor de produc\u021bie din sectorul alimentar. \u00cen cadrul [&hellip;]<\/p>\n","protected":false},"author":2,"featured_media":7815,"comment_status":"open","ping_status":"open","sticky":false,"template":"","format":"standard","meta":{"jnews-multi-image_gallery":[],"jnews_single_post":[],"jnews_primary_category":[],"jnews_override_counter":[],"footnotes":""},"categories":[42],"tags":[5523,478,10662,4889,420,10663,2000,10661],"class_list":["post-7814","post","type-post","status-publish","format-standard","has-post-thumbnail","hentry","category-politica","tag-ajutor-de-stat","tag-capacitati-de-productie","tag-credite-garantate","tag-guvernul-romaniei","tag-investitii","tag-producatori-locali","tag-sector-alimentar","tag-stimulare-economica"],"_links":{"self":[{"href":"https:\/\/www.newsrecorder.ro\/app\/wp-json\/wp\/v2\/posts\/7814","targetHints":{"allow":["GET"]}}],"collection":[{"href":"https:\/\/www.newsrecorder.ro\/app\/wp-json\/wp\/v2\/posts"}],"about":[{"href":"https:\/\/www.newsrecorder.ro\/app\/wp-json\/wp\/v2\/types\/post"}],"author":[{"embeddable":true,"href":"https:\/\/www.newsrecorder.ro\/app\/wp-json\/wp\/v2\/users\/2"}],"replies":[{"embeddable":true,"href":"https:\/\/www.newsrecorder.ro\/app\/wp-json\/wp\/v2\/comments?post=7814"}],"version-history":[{"count":0,"href":"https:\/\/www.newsrecorder.ro\/app\/wp-json\/wp\/v2\/posts\/7814\/revisions"}],"wp:featuredmedia":[{"embeddable":true,"href":"https:\/\/www.newsrecorder.ro\/app\/wp-json\/wp\/v2\/media\/7815"}],"wp:attachment":[{"href":"https:\/\/www.newsrecorder.ro\/app\/wp-json\/wp\/v2\/media?parent=7814"}],"wp:term":[{"taxonomy":"category","embeddable":true,"href":"https:\/\/www.newsrecorder.ro\/app\/wp-json\/wp\/v2\/categories?post=7814"},{"taxonomy":"post_tag","embeddable":true,"href":"https:\/\/www.newsrecorder.ro\/app\/wp-json\/wp\/v2\/tags?post=7814"}],"curies":[{"name":"wp","href":"https:\/\/api.w.org\/{rel}","templated":true}]}}