{"id":7838,"date":"2026-03-11T12:47:55","date_gmt":"2026-03-11T12:47:55","guid":{"rendered":"https:\/\/www.newsrecorder.ro\/app\/2026\/03\/11\/jucatoare-din-echipa-feminina-de-fotbal-a-iranului-isi-revoca-viza-si-pleaca-acasa\/"},"modified":"2026-03-11T12:47:55","modified_gmt":"2026-03-11T12:47:55","slug":"jucatoare-din-echipa-feminina-de-fotbal-a-iranului-isi-revoca-viza-si-pleaca-acasa","status":"publish","type":"post","link":"https:\/\/www.newsrecorder.ro\/app\/2026\/03\/11\/jucatoare-din-echipa-feminina-de-fotbal-a-iranului-isi-revoca-viza-si-pleaca-acasa\/","title":{"rendered":"Juc\u0103toare din echipa feminin\u0103 de fotbal a Iranului \u00ee\u0219i revoc\u0103 viza \u0219i pleac\u0103 acas\u0103!"},"content":{"rendered":"<p>Tony Burke a confirmat recent c\u0103 una dintre cele dou\u0103 membre ale echipei de fotbal din Iran s-a al\u0103turat celor cinci juc\u0103toare care au primit vize umanitare, datorit\u0103 preocup\u0103rilor legate de siguran\u021ba lor, dup\u0103 ce echipa a fost eliminat\u0103 din Cupa Asiei.<\/p>\n<p>\u00cen declara\u021biile sale din parlament, Burke a men\u021bionat: \u201eUna dintre cele dou\u0103 juc\u0103toare care au ales s\u0103 r\u0103m\u00e2n\u0103 asear\u0103 a avut o discu\u021bie cu colegii s\u0103i care au p\u0103r\u0103sit deja competi\u021bia \u0219i a decis s\u0103 se r\u0103zg\u00e2ndeasc\u0103.\u201d<\/p>\n<p>El a subliniat c\u0103 \u201e\u00cen Australia, oamenii au dreptul s\u0103 se r\u0103zg\u00e2ndeasc\u0103 \u0219i s\u0103 c\u0103l\u0103toreasc\u0103. Prin urmare, respect\u0103m circumstan\u021bele care au condus la aceast\u0103 decizie\u201d, conform unui raport de la <a href=\"https:\/\/news.sky.com\/story\/iran-latest-trump-tehran-israel-strikes-us-drone-live-sky-news-13509565\" target=\"_blank\" rel=\"noopener\">Sky News<\/a>.<\/p>\n<p>De asemenea, Burke a ad\u0103ugat c\u0103 restul juc\u0103toarelor au fost relocate \u00eentr-un loc sigur, dup\u0103 ce o membr\u0103 a echipei a contactat ambasada Iranului, dezv\u0103luind astfel loca\u021bia lor.<\/p>\n<p>Este important de men\u021bionat c\u0103 mai multe juc\u0103toare din echipa de fotbal a Iranului nu au solicitat <a href=\"https:\/\/www.mediafax.ro\/economic\/mai-multe-jucatoare-din-echipa-de-fotbal-a-iranului-nu-vor-sa-se-mai-intoarca-in-tara-23699650\" target=\"_blank\" rel=\"noopener\">azil \u00een Australia<\/a>, \u021bara gazd\u0103 a Cupei Asiei. Aceste juc\u0103toare s-au confruntat cu critici \u0219i amenin\u021b\u0103ri \u00een Iran, \u00een special dup\u0103 ce au refuzat s\u0103 c\u00e2nte imnul na\u021bional \u00eenainte de o partid\u0103.<\/p>\n","protected":false},"excerpt":{"rendered":"<p>Tony Burke a confirmat recent c\u0103 una dintre cele dou\u0103 membre ale echipei de fotbal din Iran s-a al\u0103turat celor cinci juc\u0103toare care au primit vize umanitare, datorit\u0103 preocup\u0103rilor legate de siguran\u021ba lor, dup\u0103 ce echipa a fost eliminat\u0103 din Cupa Asiei. \u00cen declara\u021biile sale din parlament, Burke a men\u021bionat: \u201eUna dintre cele dou\u0103 juc\u0103toare [&hellip;]<\/p>\n","protected":false},"author":6,"featured_media":7839,"comment_status":"open","ping_status":"open","sticky":false,"template":"","format":"standard","meta":{"jnews-multi-image_gallery":[],"jnews_single_post":[],"jnews_primary_category":[],"jnews_override_counter":[],"footnotes":""},"categories":[46],"tags":[4404,10692,89,913,5976,6564,1118,10450],"class_list":["post-7838","post","type-post","status-publish","format-standard","has-post-thumbnail","hentry","category-sport","tag-ambasada","tag-cupa-asiei","tag-fotbal","tag-iran","tag-jucatoare","tag-relocare","tag-siguranta","tag-vize-umanitare"],"_links":{"self":[{"href":"https:\/\/www.newsrecorder.ro\/app\/wp-json\/wp\/v2\/posts\/7838","targetHints":{"allow":["GET"]}}],"collection":[{"href":"https:\/\/www.newsrecorder.ro\/app\/wp-json\/wp\/v2\/posts"}],"about":[{"href":"https:\/\/www.newsrecorder.ro\/app\/wp-json\/wp\/v2\/types\/post"}],"author":[{"embeddable":true,"href":"https:\/\/www.newsrecorder.ro\/app\/wp-json\/wp\/v2\/users\/6"}],"replies":[{"embeddable":true,"href":"https:\/\/www.newsrecorder.ro\/app\/wp-json\/wp\/v2\/comments?post=7838"}],"version-history":[{"count":0,"href":"https:\/\/www.newsrecorder.ro\/app\/wp-json\/wp\/v2\/posts\/7838\/revisions"}],"wp:featuredmedia":[{"embeddable":true,"href":"https:\/\/www.newsrecorder.ro\/app\/wp-json\/wp\/v2\/media\/7839"}],"wp:attachment":[{"href":"https:\/\/www.newsrecorder.ro\/app\/wp-json\/wp\/v2\/media?parent=7838"}],"wp:term":[{"taxonomy":"category","embeddable":true,"href":"https:\/\/www.newsrecorder.ro\/app\/wp-json\/wp\/v2\/categories?post=7838"},{"taxonomy":"post_tag","embeddable":true,"href":"https:\/\/www.newsrecorder.ro\/app\/wp-json\/wp\/v2\/tags?post=7838"}],"curies":[{"name":"wp","href":"https:\/\/api.w.org\/{rel}","templated":true}]}}