{"id":7856,"date":"2026-03-11T12:50:48","date_gmt":"2026-03-11T12:50:48","guid":{"rendered":"https:\/\/www.newsrecorder.ro\/app\/2026\/03\/11\/aeroporturile-din-bucuresti-noi-reguli-pentru-lichide-in-bagajul-de-mana\/"},"modified":"2026-03-11T12:50:48","modified_gmt":"2026-03-11T12:50:48","slug":"aeroporturile-din-bucuresti-noi-reguli-pentru-lichide-in-bagajul-de-mana","status":"publish","type":"post","link":"https:\/\/www.newsrecorder.ro\/app\/2026\/03\/11\/aeroporturile-din-bucuresti-noi-reguli-pentru-lichide-in-bagajul-de-mana\/","title":{"rendered":"Aeroporturile din Bucure\u0219ti: Noi reguli pentru lichide \u00een bagajul de m\u00e2n\u0103!"},"content":{"rendered":"<p>Compania Na\u021bional\u0103 Aeroporturi Bucure\u0219ti a anun\u021bat recent o serie de noi reguli destinate pasagerilor care decoleaz\u0103 de la Aeroportul Interna\u021bional \u201eHenri Coand\u0103\u201d Bucure\u0219ti \u0219i Aeroportul Interna\u021bional Bucure\u0219ti B\u0103neasa \u2013 \u201eAurel Vlaicu\u201d. Aceste reglement\u0103ri intr\u0103 \u00een vigoare \u00eencep\u00e2nd de miercuri, 11 martie, la ora 00:00.<\/p>\n<p>Noile reglement\u0103ri se concentreaz\u0103 pe transportul lichidelor, aerosolilor \u0219i gelurilor (LAGs) \u00een bagajele de cabin\u0103. Astfel, pasagerii care pleac\u0103 de pe Aeroportul \u201eHenri Coand\u0103\u201d (Otopeni) \u0219i Aeroportul B\u0103neasa pot acum s\u0103 transporte lichide, aerosoli \u0219i geluri \u00een recipiente individuale de p\u00e2n\u0103 la 2 litri, \u00een contrast cu limita anterioar\u0103 de 100 ml per recipient.<\/p>\n<p>\u201eAceast\u0103 m\u0103sur\u0103 a devenit posibil\u0103 datorit\u0103 investi\u021biilor efectuate de Compania Na\u021bional\u0103 Aeroporturi Bucure\u0219ti \u00een tehnologii moderne, de ultim\u0103 genera\u021bie, care sunt destinate controlului de securitate al bagajelor de cabin\u0103. Astfel, aeroporturile administrate de CNAB se aliniaz\u0103 la cele mai bune practici interna\u021bionale \u00een domeniu. Prin aceste investi\u021bii, compania \u00ee\u0219i \u00eent\u0103re\u0219te angajamentul de a \u00eembun\u0103t\u0103\u021bi constant experien\u021ba pasagerilor, men\u021bin\u00e2nd \u00een acela\u0219i timp cele mai \u00eenalte standarde de securitate\u201d, a declarat Bogdan M\u00eendrescu, directorul general al CNAB.<\/p>\n<p>Este important de men\u021bionat c\u0103 relaxarea restric\u021biilor referitoare la transportul aerian al LAGs se aplic\u0103 exclusiv pasagerilor care au originea zborului pe Aeroportul Interna\u021bional \u201eHenri Coand\u0103\u201d sau Aeroportul B\u0103neasa. Aceste reglement\u0103ri nu se aplic\u0103 pasagerilor afla\u021bi \u00een tranzit sau transfer.<\/p>\n","protected":false},"excerpt":{"rendered":"<p>Compania Na\u021bional\u0103 Aeroporturi Bucure\u0219ti a anun\u021bat recent o serie de noi reguli destinate pasagerilor care decoleaz\u0103 de la Aeroportul Interna\u021bional \u201eHenri Coand\u0103\u201d Bucure\u0219ti \u0219i Aeroportul Interna\u021bional Bucure\u0219ti B\u0103neasa \u2013 \u201eAurel Vlaicu\u201d. Aceste reglement\u0103ri intr\u0103 \u00een vigoare \u00eencep\u00e2nd de miercuri, 11 martie, la ora 00:00. Noile reglement\u0103ri se concentreaz\u0103 pe transportul lichidelor, aerosolilor \u0219i gelurilor (LAGs) [&hellip;]<\/p>\n","protected":false},"author":4,"featured_media":7857,"comment_status":"open","ping_status":"open","sticky":false,"template":"","format":"standard","meta":{"jnews-multi-image_gallery":[],"jnews_single_post":[],"jnews_primary_category":[],"jnews_override_counter":[],"footnotes":""},"categories":[40],"tags":[152,8408,2238,10721,2237,10720,4690,874],"class_list":["post-7856","post","type-post","status-publish","format-standard","has-post-thumbnail","hentry","category-econonie","tag-aeroporturi","tag-aerosoli","tag-baneasa","tag-geluri","tag-henri-coanda","tag-lichide","tag-reguli","tag-securitate"],"_links":{"self":[{"href":"https:\/\/www.newsrecorder.ro\/app\/wp-json\/wp\/v2\/posts\/7856","targetHints":{"allow":["GET"]}}],"collection":[{"href":"https:\/\/www.newsrecorder.ro\/app\/wp-json\/wp\/v2\/posts"}],"about":[{"href":"https:\/\/www.newsrecorder.ro\/app\/wp-json\/wp\/v2\/types\/post"}],"author":[{"embeddable":true,"href":"https:\/\/www.newsrecorder.ro\/app\/wp-json\/wp\/v2\/users\/4"}],"replies":[{"embeddable":true,"href":"https:\/\/www.newsrecorder.ro\/app\/wp-json\/wp\/v2\/comments?post=7856"}],"version-history":[{"count":0,"href":"https:\/\/www.newsrecorder.ro\/app\/wp-json\/wp\/v2\/posts\/7856\/revisions"}],"wp:featuredmedia":[{"embeddable":true,"href":"https:\/\/www.newsrecorder.ro\/app\/wp-json\/wp\/v2\/media\/7857"}],"wp:attachment":[{"href":"https:\/\/www.newsrecorder.ro\/app\/wp-json\/wp\/v2\/media?parent=7856"}],"wp:term":[{"taxonomy":"category","embeddable":true,"href":"https:\/\/www.newsrecorder.ro\/app\/wp-json\/wp\/v2\/categories?post=7856"},{"taxonomy":"post_tag","embeddable":true,"href":"https:\/\/www.newsrecorder.ro\/app\/wp-json\/wp\/v2\/tags?post=7856"}],"curies":[{"name":"wp","href":"https:\/\/api.w.org\/{rel}","templated":true}]}}