{"id":7868,"date":"2026-03-11T13:45:49","date_gmt":"2026-03-11T13:45:49","guid":{"rendered":"https:\/\/www.newsrecorder.ro\/app\/2026\/03\/11\/noua-generatie-de-centre-europe-direct-in-romania-ce-trebuie-sa-stii\/"},"modified":"2026-03-11T13:45:49","modified_gmt":"2026-03-11T13:45:49","slug":"noua-generatie-de-centre-europe-direct-in-romania-ce-trebuie-sa-stii","status":"publish","type":"post","link":"https:\/\/www.newsrecorder.ro\/app\/2026\/03\/11\/noua-generatie-de-centre-europe-direct-in-romania-ce-trebuie-sa-stii\/","title":{"rendered":"Nou\u0103 genera\u021bie de centre EUROPE DIRECT \u00een Rom\u00e2nia: Ce trebuie s\u0103 \u0219tii!"},"content":{"rendered":"<p>Joi, 22 de centre EUROPE DIRECT din Rom\u00e2nia se vor al\u0103tura altor 378 de centre din \u00eentreaga Uniune European\u0103 \u00eentr-o reuniune care va avea loc la Bruxelles. Scopul acestui eveniment este de a \u00eemp\u0103rt\u0103\u0219i bune practici privind stimularea spa\u021biilor democratice \u00een UE \u0219i de a coordona strategiile locale pentru anii urm\u0103tori.<\/p>\n<p>Deschiderea evenimentului va fi marcat\u0103 de un mesaj video din partea pre\u0219edintei Comisiei Europene, Ursula von der Leyen.<\/p>\n<p>\u201eRe\u021beaua va pune un accent mai puternic pe democra\u021bie. Centrele EUROPE DIRECT vor func\u021biona ca spa\u021bii locale de dialog despre Europa, unde cet\u0103\u021benii se pot \u00eent\u00e2lni, dezbate \u0219i discuta subiecte europene. Prin ini\u021biative participative \u0219i dialoguri directe, aceste centre vor implica cet\u0103\u021benii \u00een discu\u021bii \u0219i vor \u00eent\u0103ri participarea acestora la via\u021ba democratic\u0103. Aceast\u0103 activitate sus\u021bine Scutul European pentru Democra\u021bie, o ini\u021biativ\u0103 a Comisiei menit\u0103 s\u0103 consolideze rezilien\u021ba democratic\u0103 \u00een \u00eentreaga Europ\u0103, \u00een colaborare cu parteneri din diverse sectoare ale societ\u0103\u021bii,\u201d se men\u021bioneaz\u0103 \u00een <a style=\"color: #0000ff\" href=\"https:\/\/romania.representation.ec.europa.eu\/news\/o-noua-generatie-de-centre-europe-direct-romania-22-de-centre-consolideaza-democratia-la-nivel-local-2026-03-11_ro\" target=\"_blank\" rel=\"noopener\">comunicatul de pres\u0103<\/a> al Comisiei Europene.<\/p>\n<p>Re\u021beaua EUROPE DIRECT va func\u021biona \u00een Rom\u00e2nia \u00eentre 1 ianuarie 2026 \u0219i 31 decembrie 2030, following the call for proposals launched by the European Commission for the continuation of the network.<\/p>\n<p>\u00cen fiecare an, centrele EUROPE DIRECT din Rom\u00e2nia organizeaz\u0103 sute de activit\u0103\u021bi dedicate inform\u0103rii \u0219i dialogului public, inclusiv dezbateri, ateliere participative \u0219i evenimente educa\u021bionale.<\/p>\n<p>Re\u021beaua EUROPE DIRECT a fost \u00eenfiin\u021bat\u0103 de Comisia European\u0103 \u00een urm\u0103 cu peste dou\u0103 decenii, \u00een 2005, \u0219i reprezint\u0103 un instrument esen\u021bial pentru comunicarea institu\u021biilor europene la nivel local \u0219i regional.<\/p>\n","protected":false},"excerpt":{"rendered":"<p>Joi, 22 de centre EUROPE DIRECT din Rom\u00e2nia se vor al\u0103tura altor 378 de centre din \u00eentreaga Uniune European\u0103 \u00eentr-o reuniune care va avea loc la Bruxelles. Scopul acestui eveniment este de a \u00eemp\u0103rt\u0103\u0219i bune practici privind stimularea spa\u021biilor democratice \u00een UE \u0219i de a coordona strategiile locale pentru anii urm\u0103tori. Deschiderea evenimentului va fi [&hellip;]<\/p>\n","protected":false},"author":2,"featured_media":7869,"comment_status":"open","ping_status":"open","sticky":false,"template":"","format":"standard","meta":{"jnews-multi-image_gallery":[],"jnews_single_post":[],"jnews_primary_category":[],"jnews_override_counter":[],"footnotes":""},"categories":[39],"tags":[2587,666,289,499,288,3729,10733,10734],"class_list":["post-7868","post","type-post","status-publish","format-standard","has-post-thumbnail","hentry","category-stirile-zilei","tag-bruxelles","tag-bune-practici","tag-cetateni","tag-comisia-europeana","tag-democratie","tag-dialoguri","tag-europe-direct","tag-initiative-participative"],"_links":{"self":[{"href":"https:\/\/www.newsrecorder.ro\/app\/wp-json\/wp\/v2\/posts\/7868","targetHints":{"allow":["GET"]}}],"collection":[{"href":"https:\/\/www.newsrecorder.ro\/app\/wp-json\/wp\/v2\/posts"}],"about":[{"href":"https:\/\/www.newsrecorder.ro\/app\/wp-json\/wp\/v2\/types\/post"}],"author":[{"embeddable":true,"href":"https:\/\/www.newsrecorder.ro\/app\/wp-json\/wp\/v2\/users\/2"}],"replies":[{"embeddable":true,"href":"https:\/\/www.newsrecorder.ro\/app\/wp-json\/wp\/v2\/comments?post=7868"}],"version-history":[{"count":0,"href":"https:\/\/www.newsrecorder.ro\/app\/wp-json\/wp\/v2\/posts\/7868\/revisions"}],"wp:featuredmedia":[{"embeddable":true,"href":"https:\/\/www.newsrecorder.ro\/app\/wp-json\/wp\/v2\/media\/7869"}],"wp:attachment":[{"href":"https:\/\/www.newsrecorder.ro\/app\/wp-json\/wp\/v2\/media?parent=7868"}],"wp:term":[{"taxonomy":"category","embeddable":true,"href":"https:\/\/www.newsrecorder.ro\/app\/wp-json\/wp\/v2\/categories?post=7868"},{"taxonomy":"post_tag","embeddable":true,"href":"https:\/\/www.newsrecorder.ro\/app\/wp-json\/wp\/v2\/tags?post=7868"}],"curies":[{"name":"wp","href":"https:\/\/api.w.org\/{rel}","templated":true}]}}