{"id":7878,"date":"2026-03-11T19:15:06","date_gmt":"2026-03-11T19:15:06","guid":{"rendered":"https:\/\/www.newsrecorder.ro\/app\/2026\/03\/11\/impactul-razboiului-din-iran-irak-in-pericol-de-a-pierde-cupa-mondiala-2026\/"},"modified":"2026-03-11T19:15:06","modified_gmt":"2026-03-11T19:15:06","slug":"impactul-razboiului-din-iran-irak-in-pericol-de-a-pierde-cupa-mondiala-2026","status":"publish","type":"post","link":"https:\/\/www.newsrecorder.ro\/app\/2026\/03\/11\/impactul-razboiului-din-iran-irak-in-pericol-de-a-pierde-cupa-mondiala-2026\/","title":{"rendered":"Impactul r\u0103zboiului din Iran: Irak \u00een pericol de a pierde Cupa Mondial\u0103 2026!"},"content":{"rendered":"<p>Pe 31 martie, selec\u021bionata Irakului, cunoscut\u0103 sub numele de &#8222;Leii Mesopotamiei&#8221;, este programat\u0103 s\u0103 se confrunte cu c\u00e2\u0219tig\u0103toarea meciului dintre Bolivia \u0219i Surinam, care se va desf\u0103\u0219ura cu cinci zile mai devreme. Aceast\u0103 partid\u0103 este crucial\u0103 pentru calificarea la Cupa Mondial\u0103 din 2026. Totu\u0219i, tensiunile generate de r\u0103zboiul din Iran \u0219i violen\u021bele care s-au extins \u00een Orientul Mijlociu pun \u00een pericol participarea echipei irakiene la meciul din Monterrey, Mexic.<\/p>\n<p>Graham Arnold, antrenorul echipei na\u021bionale a Irakului, a declarat pentru <a href=\"https:\/\/edition.cnn.com\/2026\/03\/10\/sport\/iran-iraq-fifa-world-cup-berth\" target=\"_blank\" rel=\"noopener\">CNN Sports<\/a> c\u0103 majoritatea juc\u0103torilor \u0219i a personalului tehnic sunt bloca\u021bi \u00een Irak, urm\u00e2nd ca situa\u021bia s\u0103 nu se schimbe p\u00e2n\u0103 cel pu\u021bin pe 1 aprilie, ziua imediat urm\u0103toare meciului, din cauza \u00eenchiderii spa\u021biului aerian deasupra \u021b\u0103rii.<\/p>\n<p>\u201eEste o situa\u021bie stresant\u0103\u201d, a explicat Arnold. \u201eAvem o provocare major\u0103. \u00cen acest moment, am patru sau cinci planuri diferite pentru a face fa\u021b\u0103 acestei situa\u021bii. Am avut multe nop\u021bi nedormite, \u00eengrijor\u00e2ndu-m\u0103 s\u0103 organiz\u0103m totul corect.\u201d<\/p>\n<p>\u00cen acest context, Federa\u021bia Irakian\u0103 de Fotbal (IFA) a f\u0103cut o solicitare oficial\u0103 c\u0103tre FIFA, cer\u00e2nd am\u00e2narea meciului de baraj pentru a le permite juc\u0103torilor s\u0103 c\u0103l\u0103toreasc\u0103 \u00een Mexic. O surs\u0103 din cadrul organiza\u021biei a declarat c\u0103 se a\u0219teapt\u0103 ca FIFA s\u0103 ia o decizie \u00een acest sens p\u00e2n\u0103 la sf\u00e2r\u0219itul s\u0103pt\u0103m\u00e2nii.<\/p>\n<p>\u00centre timp, Arnold se confrunt\u0103 cu o presiune major\u0103, av\u00e2nd \u00een vedere c\u0103 aproximativ 60% din echip\u0103 este blocat\u0103 \u00een Irak, iar personalul medical este \u00een Qatar, \u00een timp ce el \u00eensu\u0219i se afl\u0103 \u00een Dubai, unde a mers pentru a selecta juc\u0103tori. Aceast\u0103 situa\u021bie \u00eei aminte\u0219te de primele zile ale pandemiei de Covid-19, c\u00e2nd antrena echipa na\u021bional\u0103 a Australiei.<\/p>\n<p>\u201eAtunci aveam planuri multiple pentru a face fa\u021b\u0103 situa\u021biei\u201d, a men\u021bionat Arnold, \u201edar acum m\u0103 simt complet legat de circumstan\u021be. \u00cenchiderea ambasadelor din regiune complic\u0103 \u0219i mai mult ob\u021binerea vizelor necesare pentru Mexic sau Statele Unite. De asemenea, un cantonament planificat \u00een Houston, Texas, pentru aclimatizare a fost anulat.\u201d<\/p>\n<p>Cu spa\u021biul aerian \u00eenchis, singura op\u021biune viabil\u0103 ar fi transportul juc\u0103torilor cu autobuzul din Irak, dar Arnold a subliniat c\u0103 aceast\u0103 solu\u021bie nu este fezabil\u0103.<\/p>\n<p>\u201eO c\u0103l\u0103torie cu autobuzul de 30 de ore c\u0103tre o alt\u0103 \u021bar\u0103 nu este s\u0103n\u0103toas\u0103 pentru juc\u0103tori \u0219i, \u00een plus, apar complica\u021bii legate de ob\u021binerea vizelor necesare pentru a intra \u00een acele \u021b\u0103ri\u201d, a ad\u0103ugat el.<\/p>\n<p>Pe de alt\u0103 parte, FIFA trebuie s\u0103 fie preg\u0103tit\u0103 pentru eventualitatea ca Iranul s\u0103 se retrag\u0103 din turneu, av\u00e2nd \u00een vedere c\u0103 \u021bara care i-a atacat este co-g\u0103zdoare a competi\u021biei.<\/p>\n<p>Mehdi Taj, pre\u0219edintele Federa\u021biei Iraniene de Fotbal (FFIRI), a men\u021bionat c\u0103 este incert\u0103 participarea echipei sale, afirm\u00e2nd: \u201eDup\u0103 acest atac, nu ne putem a\u0219tepta s\u0103 privim cu speran\u021b\u0103 la Cupa Mondial\u0103\u201d. De la turneul din 1950 din Brazilia, nicio echip\u0103 nu s-a retras din competi\u021bie dup\u0103 ce s-a calificat.<\/p>\n<p>Dac\u0103 Iranul decide s\u0103 se retrag\u0103, FIFA va trebui s\u0103 g\u0103seasc\u0103 un \u00eenlocuitor, iar Arnold este \u00eencrez\u0103tor c\u0103 echipa sa ar trebui s\u0103 primeasc\u0103 acest loc vacant.<\/p>\n<p>\u201eIrak \u0219i Iran fac parte din Confedera\u021bia Asiatic\u0103 de Fotbal; dac\u0103 Iranul se retrage, noi suntem urm\u0103torii pe list\u0103\u201d, a explicat el.<\/p>\n<p>Arnold propune ca FIFA s\u0103 am\u00e2ne meciul de baraj \u00eempotriva Boliviei sau Surinamului p\u00e2n\u0103 cu o s\u0103pt\u0103m\u00e2n\u0103 \u00eenainte de \u00eenceperea Cupei Mondiale. Aceasta ar oferi echipei sale o \u0219ans\u0103 echitabil\u0103 de a c\u0103l\u0103tori \u0219i de a se preg\u0103ti, l\u0103s\u00e2nd \u00een acela\u0219i timp FIFA cu o marj\u0103 de manevr\u0103 \u00een ceea ce prive\u0219te situa\u021bia Iranului.<\/p>\n<p>\u201eBolivia \u0219i Surinam pot juca \u00een martie, deoarece nu au complica\u021bii. Am putea juca \u00eempotriva c\u00e2\u0219tig\u0103toarei acestei partide chiar \u00eenainte de \u00eenceperea Cupei Mondiale; c\u00e2\u0219tig\u0103toarea r\u0103m\u00e2ne, iar \u00eenvinsa se \u00eentoarce acas\u0103. M\u0103 concentrez pe echipa noastr\u0103, pentru a m\u0103 asigura c\u0103 juc\u0103torii sunt preg\u0103ti\u021bi, dar \u00een acest moment, este extrem de dificil\u201d, a concluzionat Arnold.<\/p>\n","protected":false},"excerpt":{"rendered":"<p>Pe 31 martie, selec\u021bionata Irakului, cunoscut\u0103 sub numele de &#8222;Leii Mesopotamiei&#8221;, este programat\u0103 s\u0103 se confrunte cu c\u00e2\u0219tig\u0103toarea meciului dintre Bolivia \u0219i Surinam, care se va desf\u0103\u0219ura cu cinci zile mai devreme. Aceast\u0103 partid\u0103 este crucial\u0103 pentru calificarea la Cupa Mondial\u0103 din 2026. Totu\u0219i, tensiunile generate de r\u0103zboiul din Iran \u0219i violen\u021bele care s-au extins [&hellip;]<\/p>\n","protected":false},"author":6,"featured_media":7879,"comment_status":"open","ping_status":"open","sticky":false,"template":"","format":"standard","meta":{"jnews-multi-image_gallery":[],"jnews_single_post":[],"jnews_primary_category":[],"jnews_override_counter":[],"footnotes":""},"categories":[46],"tags":[10744,1116,10469,10743,3462,10741,10742,5127],"class_list":["post-7878","post","type-post","status-publish","format-standard","has-post-thumbnail","hentry","category-sport","tag-blocaj-jucatori","tag-cupa-mondiala-2026","tag-graham-arnold","tag-inchidere-spatiu-aerian","tag-irak","tag-leii-mesopotamiei","tag-meci-monterrey","tag-tensiuni-orientul-mijlociu"],"_links":{"self":[{"href":"https:\/\/www.newsrecorder.ro\/app\/wp-json\/wp\/v2\/posts\/7878","targetHints":{"allow":["GET"]}}],"collection":[{"href":"https:\/\/www.newsrecorder.ro\/app\/wp-json\/wp\/v2\/posts"}],"about":[{"href":"https:\/\/www.newsrecorder.ro\/app\/wp-json\/wp\/v2\/types\/post"}],"author":[{"embeddable":true,"href":"https:\/\/www.newsrecorder.ro\/app\/wp-json\/wp\/v2\/users\/6"}],"replies":[{"embeddable":true,"href":"https:\/\/www.newsrecorder.ro\/app\/wp-json\/wp\/v2\/comments?post=7878"}],"version-history":[{"count":0,"href":"https:\/\/www.newsrecorder.ro\/app\/wp-json\/wp\/v2\/posts\/7878\/revisions"}],"wp:featuredmedia":[{"embeddable":true,"href":"https:\/\/www.newsrecorder.ro\/app\/wp-json\/wp\/v2\/media\/7879"}],"wp:attachment":[{"href":"https:\/\/www.newsrecorder.ro\/app\/wp-json\/wp\/v2\/media?parent=7878"}],"wp:term":[{"taxonomy":"category","embeddable":true,"href":"https:\/\/www.newsrecorder.ro\/app\/wp-json\/wp\/v2\/categories?post=7878"},{"taxonomy":"post_tag","embeddable":true,"href":"https:\/\/www.newsrecorder.ro\/app\/wp-json\/wp\/v2\/tags?post=7878"}],"curies":[{"name":"wp","href":"https:\/\/api.w.org\/{rel}","templated":true}]}}