{"id":7882,"date":"2026-03-11T19:15:42","date_gmt":"2026-03-11T19:15:42","guid":{"rendered":"https:\/\/www.newsrecorder.ro\/app\/2026\/03\/11\/prognoza-meteo-in-bucuresti-de-mucenici-ce-surprize-ne-asteapta\/"},"modified":"2026-03-11T19:15:42","modified_gmt":"2026-03-11T19:15:42","slug":"prognoza-meteo-in-bucuresti-de-mucenici-ce-surprize-ne-asteapta","status":"publish","type":"post","link":"https:\/\/www.newsrecorder.ro\/app\/2026\/03\/11\/prognoza-meteo-in-bucuresti-de-mucenici-ce-surprize-ne-asteapta\/","title":{"rendered":"Prognoza meteo \u00een Bucure\u0219ti de Mucenici: Ce surprize ne a\u0219teapt\u0103?"},"content":{"rendered":"<p>\u00cen intervalul 8 martie, ora 10:00 \u2013 9 martie, ora 08:00, valorile de temperatur\u0103 se vor men\u021bine peste mediile multianuale. Vremea va fi caracterizat\u0103 printr-un cer variabil, iar v\u00e2ntul va avea intensitate slab\u0103 p\u00e2n\u0103 la moderat\u0103. Astfel, temperatura maxim\u0103 va atinge \u00eentre 12 \u0219i 13 grade Celsius, \u00een timp ce minima va varia \u00eentre -2 \u0219i 1 grad.<\/p>\n<p>Pe 9 martie, meteorologii prev\u0103d un cer predominant senin \u0219i v\u00e2nt slab p\u00e2n\u0103 la moderat. Temperaturile vor r\u0103m\u00e2ne relativ constante, cu o maxim\u0103 \u00een jur de 12 grade \u0219i o minim\u0103 cuprins\u0103 \u00eentre -1 \u0219i 1 grad Celsius.<\/p>\n<p>Continu\u00e2nd cu prognoza, ziua de 10 martie va aduce un cer predominant senin, iar v\u00e2ntul va continua s\u0103 fie slab \u0219i moderat. Temperatura maxim\u0103 se va ridica, ajung\u00e2nd la aproximativ 14 grade Celsius.<\/p>\n","protected":false},"excerpt":{"rendered":"<p>\u00cen intervalul 8 martie, ora 10:00 \u2013 9 martie, ora 08:00, valorile de temperatur\u0103 se vor men\u021bine peste mediile multianuale. Vremea va fi caracterizat\u0103 printr-un cer variabil, iar v\u00e2ntul va avea intensitate slab\u0103 p\u00e2n\u0103 la moderat\u0103. Astfel, temperatura maxim\u0103 va atinge \u00eentre 12 \u0219i 13 grade Celsius, \u00een timp ce minima va varia \u00eentre -2 [&hellip;]<\/p>\n","protected":false},"author":5,"featured_media":7883,"comment_status":"open","ping_status":"open","sticky":false,"template":"","format":"standard","meta":{"jnews-multi-image_gallery":[],"jnews_single_post":[],"jnews_primary_category":[],"jnews_override_counter":[],"footnotes":""},"categories":[45],"tags":[10128,5163,132,3162,10745,10746,137,125],"class_list":["post-7882","post","type-post","status-publish","format-standard","has-post-thumbnail","hentry","category-meteo","tag-cer-senin","tag-martie","tag-prognoza","tag-temperatura","tag-temperaturi-maxime","tag-temperaturi-minime","tag-vant","tag-vreme"],"_links":{"self":[{"href":"https:\/\/www.newsrecorder.ro\/app\/wp-json\/wp\/v2\/posts\/7882","targetHints":{"allow":["GET"]}}],"collection":[{"href":"https:\/\/www.newsrecorder.ro\/app\/wp-json\/wp\/v2\/posts"}],"about":[{"href":"https:\/\/www.newsrecorder.ro\/app\/wp-json\/wp\/v2\/types\/post"}],"author":[{"embeddable":true,"href":"https:\/\/www.newsrecorder.ro\/app\/wp-json\/wp\/v2\/users\/5"}],"replies":[{"embeddable":true,"href":"https:\/\/www.newsrecorder.ro\/app\/wp-json\/wp\/v2\/comments?post=7882"}],"version-history":[{"count":0,"href":"https:\/\/www.newsrecorder.ro\/app\/wp-json\/wp\/v2\/posts\/7882\/revisions"}],"wp:featuredmedia":[{"embeddable":true,"href":"https:\/\/www.newsrecorder.ro\/app\/wp-json\/wp\/v2\/media\/7883"}],"wp:attachment":[{"href":"https:\/\/www.newsrecorder.ro\/app\/wp-json\/wp\/v2\/media?parent=7882"}],"wp:term":[{"taxonomy":"category","embeddable":true,"href":"https:\/\/www.newsrecorder.ro\/app\/wp-json\/wp\/v2\/categories?post=7882"},{"taxonomy":"post_tag","embeddable":true,"href":"https:\/\/www.newsrecorder.ro\/app\/wp-json\/wp\/v2\/tags?post=7882"}],"curies":[{"name":"wp","href":"https:\/\/api.w.org\/{rel}","templated":true}]}}