{"id":7884,"date":"2026-03-11T19:15:54","date_gmt":"2026-03-11T19:15:54","guid":{"rendered":"https:\/\/www.newsrecorder.ro\/app\/2026\/03\/11\/atentionari-meteo-vant-puternic-in-sud-vest-si-zone-montane\/"},"modified":"2026-03-11T19:15:54","modified_gmt":"2026-03-11T19:15:54","slug":"atentionari-meteo-vant-puternic-in-sud-vest-si-zone-montane","status":"publish","type":"post","link":"https:\/\/www.newsrecorder.ro\/app\/2026\/03\/11\/atentionari-meteo-vant-puternic-in-sud-vest-si-zone-montane\/","title":{"rendered":"Aten\u021bion\u0103ri meteo: V\u00e2nt puternic \u00een sud-vest \u0219i zone montane!"},"content":{"rendered":"<p>Administra\u021bia Na\u021bional\u0103 de Meteorologie (ANM) a emis duminic\u0103 o informare meteorologic\u0103 ce va fi valabil\u0103 \u00een perioada <strong>8 martie<\/strong>, ora 20:00, p\u00e2n\u0103 pe <strong>10 martie<\/strong>, ora 22:00. Aceasta se refer\u0103 la intensific\u0103ri ale v\u00e2ntului care vor afecta mai multe zone ale \u021b\u0103rii.<\/p>\n<p>Conform prognozelor meteorologice, v\u00e2ntul va avea intensific\u0103ri temporare \u00een sud-vestul Rom\u00e2niei \u0219i \u00een zona Carpa\u021bilor Meridionali. De asemenea, pe data de 10 martie, aceste intensific\u0103ri vor fi resim\u021bite \u0219i \u00een regiunea Moldovei. Vitezele v\u00e2ntului sunt estimate s\u0103 varieze \u00eentre 40 \u0219i 50 km\/h, iar \u00een zonele montane \u00eenalte, rafalele vor putea atinge valori cuprinse \u00eentre 60 \u0219i 80 km\/h.<\/p>\n<p>\u00cen plus, ANM a emis o aten\u021bionare de tip cod galben pentru jude\u021bul Cara\u0219-Severin, aceasta fiind valabil\u0103 \u00eentre 8 martie, ora 22:00, \u0219i 10 martie, ora 22:00. \u00cen acest interval, se estimeaz\u0103 c\u0103 v\u00e2ntul va avea intensific\u0103ri cu viteze cuprinse \u00eentre 50 \u0219i 65 km\/h, iar \u00een anumite zone izolate, viteza poate ajunge chiar la 70 km\/h, conform comunicatului oficial al ANM.<\/p>\n<p>Speciali\u0219tii meteorologi recomand\u0103 popula\u021biei s\u0103 manifeste pruden\u021b\u0103, \u00een special \u00een regiunile montane \u0219i \u00een jude\u021bele afectate de aceast\u0103 aten\u021bionare. Este indicat s\u0103 se evite deplas\u0103rile \u00een condi\u021bii de v\u00e2nt puternic \u0219i s\u0103 se asigure corespunz\u0103tor bunurile \u0219i vehiculele expuse \u00een aer liber.<\/p>\n","protected":false},"excerpt":{"rendered":"<p>Administra\u021bia Na\u021bional\u0103 de Meteorologie (ANM) a emis duminic\u0103 o informare meteorologic\u0103 ce va fi valabil\u0103 \u00een perioada 8 martie, ora 20:00, p\u00e2n\u0103 pe 10 martie, ora 22:00. Aceasta se refer\u0103 la intensific\u0103ri ale v\u00e2ntului care vor afecta mai multe zone ale \u021b\u0103rii. Conform prognozelor meteorologice, v\u00e2ntul va avea intensific\u0103ri temporare \u00een sud-vestul Rom\u00e2niei \u0219i \u00een [&hellip;]<\/p>\n","protected":false},"author":5,"featured_media":7885,"comment_status":"open","ping_status":"open","sticky":false,"template":"","format":"standard","meta":{"jnews-multi-image_gallery":[],"jnews_single_post":[],"jnews_primary_category":[],"jnews_override_counter":[],"footnotes":""},"categories":[45],"tags":[10107,1558,196,1422,8442,871,132,137],"class_list":["post-7884","post","type-post","status-publish","format-standard","has-post-thumbnail","hentry","category-meteo","tag-caras-severin","tag-carpati-meridionali","tag-cod-galben","tag-intensificari","tag-meteo","tag-moldova","tag-prognoza","tag-vant"],"_links":{"self":[{"href":"https:\/\/www.newsrecorder.ro\/app\/wp-json\/wp\/v2\/posts\/7884","targetHints":{"allow":["GET"]}}],"collection":[{"href":"https:\/\/www.newsrecorder.ro\/app\/wp-json\/wp\/v2\/posts"}],"about":[{"href":"https:\/\/www.newsrecorder.ro\/app\/wp-json\/wp\/v2\/types\/post"}],"author":[{"embeddable":true,"href":"https:\/\/www.newsrecorder.ro\/app\/wp-json\/wp\/v2\/users\/5"}],"replies":[{"embeddable":true,"href":"https:\/\/www.newsrecorder.ro\/app\/wp-json\/wp\/v2\/comments?post=7884"}],"version-history":[{"count":0,"href":"https:\/\/www.newsrecorder.ro\/app\/wp-json\/wp\/v2\/posts\/7884\/revisions"}],"wp:featuredmedia":[{"embeddable":true,"href":"https:\/\/www.newsrecorder.ro\/app\/wp-json\/wp\/v2\/media\/7885"}],"wp:attachment":[{"href":"https:\/\/www.newsrecorder.ro\/app\/wp-json\/wp\/v2\/media?parent=7884"}],"wp:term":[{"taxonomy":"category","embeddable":true,"href":"https:\/\/www.newsrecorder.ro\/app\/wp-json\/wp\/v2\/categories?post=7884"},{"taxonomy":"post_tag","embeddable":true,"href":"https:\/\/www.newsrecorder.ro\/app\/wp-json\/wp\/v2\/tags?post=7884"}],"curies":[{"name":"wp","href":"https:\/\/api.w.org\/{rel}","templated":true}]}}