{"id":7888,"date":"2026-03-11T19:16:24","date_gmt":"2026-03-11T19:16:24","guid":{"rendered":"https:\/\/www.newsrecorder.ro\/app\/2026\/03\/11\/alerta-meteo-vant-puternic-in-moldova-si-muntenia-joi-si-vineri-2\/"},"modified":"2026-03-11T19:16:24","modified_gmt":"2026-03-11T19:16:24","slug":"alerta-meteo-vant-puternic-in-moldova-si-muntenia-joi-si-vineri-2","status":"publish","type":"post","link":"https:\/\/www.newsrecorder.ro\/app\/2026\/03\/11\/alerta-meteo-vant-puternic-in-moldova-si-muntenia-joi-si-vineri-2\/","title":{"rendered":"Alert\u0103 meteo: V\u00e2nt puternic \u00een Moldova \u0219i Muntenia joi \u0219i vineri!"},"content":{"rendered":"<p>Conform prognozei meteo emis\u0103 de ANM, joi, \u00een nordul \u0219i centrul Moldovei, v\u00e2ntul va avea intensific\u0103ri temporare, ating\u00e2nd viteze de 40-45 km\/h.<\/p>\n<p>\u00cencep\u00e2nd de vineri, rafalele se vor muta \u00een nord-estul Munteniei \u0219i \u00een sudul Dobrogei, unde se estimeaz\u0103 viteze comparabile.<\/p>\n<p>Pe crestele Carpa\u021bilor de Curbur\u0103 \u0219i Meridionali, v\u00e2ntul va fi \u0219i mai puternic, cu rafale ce pot atinge 60-65 km\/h.<\/p>\n<p>De asemenea, o avertizare de Cod galben este \u00een vigoare pentru vineri, 6 martie, \u00een intervalul orar 08:00 \u2013 20:00.<\/p>\n<p>Zonele afectate de aceast\u0103 avertizare includ Moldova \u0219i nordul Dobrogei, unde viteza v\u00e2ntului va oscila \u00eentre 50 \u0219i 65 km\/h.<\/p>\n<p>Astfel, \u00een Moldova \u0219i nordul Dobrogei, v\u00e2ntul va prezenta intensific\u0103ri temporare, cu viteze ce pot atinge 50-65 km\/h.<\/p>\n","protected":false},"excerpt":{"rendered":"<p>Conform prognozei meteo emis\u0103 de ANM, joi, \u00een nordul \u0219i centrul Moldovei, v\u00e2ntul va avea intensific\u0103ri temporare, ating\u00e2nd viteze de 40-45 km\/h. \u00cencep\u00e2nd de vineri, rafalele se vor muta \u00een nord-estul Munteniei \u0219i \u00een sudul Dobrogei, unde se estimeaz\u0103 viteze comparabile. Pe crestele Carpa\u021bilor de Curbur\u0103 \u0219i Meridionali, v\u00e2ntul va fi \u0219i mai puternic, cu [&hellip;]<\/p>\n","protected":false},"author":5,"featured_media":7889,"comment_status":"open","ping_status":"open","sticky":false,"template":"","format":"standard","meta":{"jnews-multi-image_gallery":[],"jnews_single_post":[],"jnews_primary_category":[],"jnews_override_counter":[],"footnotes":""},"categories":[45],"tags":[150,1145,196,2253,1422,871,141,137],"class_list":["post-7888","post","type-post","status-publish","format-standard","has-post-thumbnail","hentry","category-meteo","tag-anm","tag-carpati","tag-cod-galben","tag-dobrogea","tag-intensificari","tag-moldova","tag-prognoza-meteo","tag-vant"],"_links":{"self":[{"href":"https:\/\/www.newsrecorder.ro\/app\/wp-json\/wp\/v2\/posts\/7888","targetHints":{"allow":["GET"]}}],"collection":[{"href":"https:\/\/www.newsrecorder.ro\/app\/wp-json\/wp\/v2\/posts"}],"about":[{"href":"https:\/\/www.newsrecorder.ro\/app\/wp-json\/wp\/v2\/types\/post"}],"author":[{"embeddable":true,"href":"https:\/\/www.newsrecorder.ro\/app\/wp-json\/wp\/v2\/users\/5"}],"replies":[{"embeddable":true,"href":"https:\/\/www.newsrecorder.ro\/app\/wp-json\/wp\/v2\/comments?post=7888"}],"version-history":[{"count":0,"href":"https:\/\/www.newsrecorder.ro\/app\/wp-json\/wp\/v2\/posts\/7888\/revisions"}],"wp:featuredmedia":[{"embeddable":true,"href":"https:\/\/www.newsrecorder.ro\/app\/wp-json\/wp\/v2\/media\/7889"}],"wp:attachment":[{"href":"https:\/\/www.newsrecorder.ro\/app\/wp-json\/wp\/v2\/media?parent=7888"}],"wp:term":[{"taxonomy":"category","embeddable":true,"href":"https:\/\/www.newsrecorder.ro\/app\/wp-json\/wp\/v2\/categories?post=7888"},{"taxonomy":"post_tag","embeddable":true,"href":"https:\/\/www.newsrecorder.ro\/app\/wp-json\/wp\/v2\/tags?post=7888"}],"curies":[{"name":"wp","href":"https:\/\/api.w.org\/{rel}","templated":true}]}}