{"id":7916,"date":"2026-03-11T19:58:04","date_gmt":"2026-03-11T19:58:04","guid":{"rendered":"https:\/\/www.newsrecorder.ro\/app\/2026\/03\/11\/teatrul-national-i-l-caragiale-ministerul-culturii-lanseaza-concursul-pentru-manager\/"},"modified":"2026-03-11T19:58:04","modified_gmt":"2026-03-11T19:58:04","slug":"teatrul-national-i-l-caragiale-ministerul-culturii-lanseaza-concursul-pentru-manager","status":"publish","type":"post","link":"https:\/\/www.newsrecorder.ro\/app\/2026\/03\/11\/teatrul-national-i-l-caragiale-ministerul-culturii-lanseaza-concursul-pentru-manager\/","title":{"rendered":"Teatrul Na\u021bional \u201eI.L. Caragiale\u201d: Ministerul Culturii lanseaz\u0103 concursul pentru manager!"},"content":{"rendered":"<p>Ministerul Culturii din Rom\u00e2nia a f\u0103cut public\u0103 componen\u021ba comisiei de concurs care va avea rolul de a selecta noul manager al Teatrului Na\u021bional \u201eI.L. Caragiale\u201d din Bucure\u0219ti. Aceast\u0103 procedur\u0103 face parte din concursul organizat pentru proiectele de management destinate conducerii prestigioasei institu\u021bii.<\/p>\n<p>Conform informa\u021biilor disponibile pe site-ul ministerului, comisia este format\u0103 din profesioni\u0219ti recunoscu\u021bi \u00een domeniul cultural \u0219i artistic. Membrii comisiei sunt Cristina Uruc, Alexandru Boureanu, Vlad Mateescu, Cosma Mihai, Antoniu Zamfir \u0219i Ovidiu Florian Andri\u0219.<\/p>\n<p>Aceste personalit\u0103\u021bi vor avea responsabilitatea de a analiza \u0219i evalua proiectele de management prezentate de candida\u021bi, \u00een conformitate cu reglement\u0103rile legale care guverneaz\u0103 ocuparea func\u021biilor de conducere \u00een institu\u021biile publice de cultur\u0103.<\/p>\n<p>Transparen\u021ba este o prioritate pentru Ministerul Culturii, iar publicarea componen\u021bei comisiilor de concurs este parte integrant\u0103 din aceast\u0103 abordare. Scopul este de a oferi acces la informa\u021bii clare despre structurile care evalueaz\u0103 propunerile de management pentru institu\u021biile subordonate ministerului.<\/p>\n<p>Concursul pentru pozi\u021bia de manager al Teatrului Na\u021bional \u201eI.L. Caragiale\u201d se desf\u0103\u0219oar\u0103 prin primirea \u0219i evaluarea proiectelor men\u021bionate, care trebuie s\u0103 contureze strategia artistic\u0103 \u0219i administrativ\u0103 a teatrului pentru urm\u0103torii ani.<\/p>\n<p>Teatrul Na\u021bional \u201eI.L. Caragiale\u201d din Bucure\u0219ti ocup\u0103 un loc central \u00een peisajul cultural rom\u00e2nesc, av\u00e2nd o activitate artistic\u0103 deosebit\u0103 \u00een via\u021ba cultural\u0103 a Capitalei. Selec\u021bia unui nou manager este crucial\u0103 pentru stabilirea direc\u021biei artistice \u0219i administrative a institu\u021biei \u00een anii ce vor urma.<\/p>\n","protected":false},"excerpt":{"rendered":"<p>Ministerul Culturii din Rom\u00e2nia a f\u0103cut public\u0103 componen\u021ba comisiei de concurs care va avea rolul de a selecta noul manager al Teatrului Na\u021bional \u201eI.L. Caragiale\u201d din Bucure\u0219ti. Aceast\u0103 procedur\u0103 face parte din concursul organizat pentru proiectele de management destinate conducerii prestigioasei institu\u021bii. Conform informa\u021biilor disponibile pe site-ul ministerului, comisia este format\u0103 din profesioni\u0219ti recunoscu\u021bi \u00een [&hellip;]<\/p>\n","protected":false},"author":7,"featured_media":7917,"comment_status":"open","ping_status":"open","sticky":false,"template":"","format":"standard","meta":{"jnews-multi-image_gallery":[],"jnews_single_post":[],"jnews_primary_category":[],"jnews_override_counter":[],"footnotes":""},"categories":[43],"tags":[362,10417,4872,826,2835,10756,576,1842],"class_list":["post-7916","post","type-post","status-publish","format-standard","has-post-thumbnail","hentry","category-cultura","tag-bucuresti","tag-comisie","tag-concurs","tag-management","tag-ministerul-culturii","tag-proiecte-culturale","tag-teatru","tag-transparenta"],"_links":{"self":[{"href":"https:\/\/www.newsrecorder.ro\/app\/wp-json\/wp\/v2\/posts\/7916","targetHints":{"allow":["GET"]}}],"collection":[{"href":"https:\/\/www.newsrecorder.ro\/app\/wp-json\/wp\/v2\/posts"}],"about":[{"href":"https:\/\/www.newsrecorder.ro\/app\/wp-json\/wp\/v2\/types\/post"}],"author":[{"embeddable":true,"href":"https:\/\/www.newsrecorder.ro\/app\/wp-json\/wp\/v2\/users\/7"}],"replies":[{"embeddable":true,"href":"https:\/\/www.newsrecorder.ro\/app\/wp-json\/wp\/v2\/comments?post=7916"}],"version-history":[{"count":0,"href":"https:\/\/www.newsrecorder.ro\/app\/wp-json\/wp\/v2\/posts\/7916\/revisions"}],"wp:featuredmedia":[{"embeddable":true,"href":"https:\/\/www.newsrecorder.ro\/app\/wp-json\/wp\/v2\/media\/7917"}],"wp:attachment":[{"href":"https:\/\/www.newsrecorder.ro\/app\/wp-json\/wp\/v2\/media?parent=7916"}],"wp:term":[{"taxonomy":"category","embeddable":true,"href":"https:\/\/www.newsrecorder.ro\/app\/wp-json\/wp\/v2\/categories?post=7916"},{"taxonomy":"post_tag","embeddable":true,"href":"https:\/\/www.newsrecorder.ro\/app\/wp-json\/wp\/v2\/tags?post=7916"}],"curies":[{"name":"wp","href":"https:\/\/api.w.org\/{rel}","templated":true}]}}