{"id":7928,"date":"2026-03-11T19:59:54","date_gmt":"2026-03-11T19:59:54","guid":{"rendered":"https:\/\/www.newsrecorder.ro\/app\/2026\/03\/11\/tnb-in-cautarea-unui-nou-manager-doua-candidaturi-inregistrate\/"},"modified":"2026-03-11T19:59:54","modified_gmt":"2026-03-11T19:59:54","slug":"tnb-in-cautarea-unui-nou-manager-doua-candidaturi-inregistrate","status":"publish","type":"post","link":"https:\/\/www.newsrecorder.ro\/app\/2026\/03\/11\/tnb-in-cautarea-unui-nou-manager-doua-candidaturi-inregistrate\/","title":{"rendered":"TNB \u00een C\u0103utarea unui Nou Manager: Dou\u0103 Candidaturi \u00cenregistrate!"},"content":{"rendered":"<p><em>\u201e\u00cen prezent, ne afl\u0103m aproape de un nou concurs pentru postul de manager al Teatrului Na\u021bional Bucure\u0219ti (TNB). Sper\u0103m ca rezultatul acestui concurs s\u0103 contribuie la readucerea teatrului \u00een normalitate, la crearea unei armonii interne \u0219i la stabilirea unei rela\u021bii c\u00e2t mai bune cu publicul s\u0103u. P\u00e2n\u0103 la \u00eencheierea perioadei de \u00eenscriere, au fost depuse dou\u0103 candidaturi pentru acest post\u201d<\/em>, a declarat Andr\u00e1s Istv\u00e1n Demeter, ministrul Culturii, \u00eentr-o postare recent\u0103.<\/p>\n<p>\u00cen cadrul declara\u021biilor sale, Demeter a subliniat c\u0103 se dore\u0219te ca, din comisia de evaluare a candida\u021bilor, care va fi format\u0103 din nou\u0103 membri, s\u0103 fac\u0103 parte \u0219i un num\u0103r c\u00e2t mai mare de fo\u0219ti candida\u021bi la func\u021bia de manager al TNB, din ultimele concursuri organizate.<\/p>\n<p><em>\u201eCred c\u0103 o componen\u021b\u0103 incontestabil\u0103 a acestei comisii ar trebui s\u0103 includ\u0103 pe c\u00e2t mai mul\u021bi dintre cei care au participat la ultimele concursuri pentru postul de manager al TNB\u201d<\/em>, a continuat ministrul Culturii.<\/p>\n<p>Demeter a eviden\u021biat avantajul pe care \u00eel au fo\u0219tii candida\u021bi, men\u021bion\u00e2nd: <em>\u201eAce\u0219tia au studiat cu aten\u021bie caietul de sarcini \u0219i obiectivele, au muncit la elaborarea unor proiecte conforme cerin\u021belor, s-au preg\u0103tit pentru interviuri care nu s-au mai desf\u0103\u0219urat \u0219i \u0219i-au asumat viziuni prin care s\u0103 contribuie la binele institu\u021biei, fiecare \u00een modul pe care l-a considerat potrivit. De asemenea, sunt speciali\u0219ti cu experien\u021be variate \u0219i perspective diferite asupra managementului artistic\u201d<\/em>.<\/p>\n<p>\u00cen ceea ce prive\u0219te comisia de analiz\u0103 a candidaturilor, Demeter a specificat: <em>\u201eDorim ca aceasta s\u0103 fie format\u0103 din nou\u0103 membri, iar cei trei reprezentan\u021bi ai autorit\u0103\u021bii s\u0103 fie \u00eenso\u021bi\u021bi de fo\u0219tii candida\u021bi, care vor aduce expertiza lor. Mizez pe obiectivitatea \u0219i exigenta lor \u00een evaluare, av\u00e2nd \u00eencredere \u00een respectul, generozitatea profesional\u0103 \u0219i angajamentul fa\u021b\u0103 de viitorul TNB\u201d<\/em>.<\/p>\n<p>Este important de men\u021bionat c\u0103, la finalul anului 2025, actorul \u0219i profesorul universitar <a href=\"https:\/\/www.mediafax.ro\/cultura-media\/adrian-titieni-numit-manager-interimar-al-teatrului-national-bucuresti-ministerul-culturii-anunta-reluarea-concursului-de-management-23665419\" target=\"_blank\" rel=\"noopener\">Adrian Titieni<\/a> a fost numit manager interimar al TNB, anun\u021b\u00e2nd totodat\u0103 reluarea concursului pentru ocuparea func\u021biei de director.<\/p>\n<p>&nbsp;<\/p>\n","protected":false},"excerpt":{"rendered":"<p>\u201e\u00cen prezent, ne afl\u0103m aproape de un nou concurs pentru postul de manager al Teatrului Na\u021bional Bucure\u0219ti (TNB). Sper\u0103m ca rezultatul acestui concurs s\u0103 contribuie la readucerea teatrului \u00een normalitate, la crearea unei armonii interne \u0219i la stabilirea unei rela\u021bii c\u00e2t mai bune cu publicul s\u0103u. P\u00e2n\u0103 la \u00eencheierea perioadei de \u00eenscriere, au fost depuse [&hellip;]<\/p>\n","protected":false},"author":7,"featured_media":7929,"comment_status":"open","ping_status":"open","sticky":false,"template":"","format":"standard","meta":{"jnews-multi-image_gallery":[],"jnews_single_post":[],"jnews_primary_category":[],"jnews_override_counter":[],"footnotes":""},"categories":[43],"tags":[10416,6062,10771,10770,214,10772,10769,3958],"class_list":["post-7928","post","type-post","status-publish","format-standard","has-post-thumbnail","hentry","category-cultura","tag-andras-istvan-demeter","tag-candidati","tag-comisie-evaluare","tag-concurs-manager","tag-cultura","tag-relatie-public","tag-teatrul-national-bucuresti","tag-tnb"],"_links":{"self":[{"href":"https:\/\/www.newsrecorder.ro\/app\/wp-json\/wp\/v2\/posts\/7928","targetHints":{"allow":["GET"]}}],"collection":[{"href":"https:\/\/www.newsrecorder.ro\/app\/wp-json\/wp\/v2\/posts"}],"about":[{"href":"https:\/\/www.newsrecorder.ro\/app\/wp-json\/wp\/v2\/types\/post"}],"author":[{"embeddable":true,"href":"https:\/\/www.newsrecorder.ro\/app\/wp-json\/wp\/v2\/users\/7"}],"replies":[{"embeddable":true,"href":"https:\/\/www.newsrecorder.ro\/app\/wp-json\/wp\/v2\/comments?post=7928"}],"version-history":[{"count":0,"href":"https:\/\/www.newsrecorder.ro\/app\/wp-json\/wp\/v2\/posts\/7928\/revisions"}],"wp:featuredmedia":[{"embeddable":true,"href":"https:\/\/www.newsrecorder.ro\/app\/wp-json\/wp\/v2\/media\/7929"}],"wp:attachment":[{"href":"https:\/\/www.newsrecorder.ro\/app\/wp-json\/wp\/v2\/media?parent=7928"}],"wp:term":[{"taxonomy":"category","embeddable":true,"href":"https:\/\/www.newsrecorder.ro\/app\/wp-json\/wp\/v2\/categories?post=7928"},{"taxonomy":"post_tag","embeddable":true,"href":"https:\/\/www.newsrecorder.ro\/app\/wp-json\/wp\/v2\/tags?post=7928"}],"curies":[{"name":"wp","href":"https:\/\/api.w.org\/{rel}","templated":true}]}}