{"id":7932,"date":"2026-03-11T20:11:56","date_gmt":"2026-03-11T20:11:56","guid":{"rendered":"https:\/\/www.newsrecorder.ro\/app\/2026\/03\/11\/virgil-popescu-raspunde-dur-lui-george-simion-pozitie-moscovita\/"},"modified":"2026-03-11T20:11:56","modified_gmt":"2026-03-11T20:11:56","slug":"virgil-popescu-raspunde-dur-lui-george-simion-pozitie-moscovita","status":"publish","type":"post","link":"https:\/\/www.newsrecorder.ro\/app\/2026\/03\/11\/virgil-popescu-raspunde-dur-lui-george-simion-pozitie-moscovita\/","title":{"rendered":"Virgil Popescu r\u0103spunde dur lui George Simion: \u201ePozi\u021bie moscovit\u0103!\u201d"},"content":{"rendered":"<p>Virgil Popescu a lansat o critic\u0103 dur\u0103 asupra liderului AUR, George Simion, \u00een urma unei cereri oficiale din partea Statelor Unite pentru dislocarea unor avioane de realimentare \u0219i echipamente de comunica\u021bii la Kog\u0103lniceanu. \u00centr-o postare pe Facebook, Popescu a subliniat contrastul dintre entuziasmul de anul trecut, c\u00e2nd Simion a cerut declararea anului 2026 drept \u201eAnul Statelor Unite ale Americii \u00een Rom\u00e2nia\u201d, \u0219i pozi\u021bia actual\u0103 a AUR, care a decis s\u0103 boicoteze votul din Parlament pe aceast\u0103 tem\u0103.<\/p>\n<p>Europarlamentarul PNL a criticat, de asemenea, explica\u021biile oferite de Simion \u00een plenul Parlamentului, subliniind c\u0103 afirma\u021bia acestuia, conform c\u0103reia pozi\u021bia AUR nu ar fi antiamerican\u0103, ci \u201erom\u00e2neasc\u0103\u201d, este de fapt una \u201emoscovit\u0103\u201d. \u201eSpune-o corect\u201d, a ad\u0103ugat Popescu, eviden\u021biind contradic\u021biile dintre discursul lui Simion \u0219i pozi\u021biile anterioare ale partidului s\u0103u cu privire la rela\u021bia cu Statele Unite.<\/p>\n<p>Popescu a continuat s\u0103 sublinieze incoeren\u021ba mesajului transmis de Simion, men\u021bion\u00e2nd c\u0103, de\u0219i a citat din Eminescu \u0219i a transmis mesaje ambasadorului american, discursul s\u0103u nu a fost redactat nici la Bucure\u0219ti, nici la Washington, ci la Moscova. \u201e\u0218i se cunoa\u0219te dup\u0103 accent\u201d, a ad\u0103ugat el, accentu\u00e2nd astfel natura influen\u021belor externe asupra pozi\u021biei AUR.<\/p>\n<p>\u00cen plus, Popescu a f\u0103cut referire la o vizit\u0103 anterioar\u0103 \u00een Statele Unite, c\u00e2nd Simion a trimis 40 de parlamentari \u00een Washington pentru a se fotografia \u00een stil MAGA, numindu-l pe Donald Trump \u201ecel mai important lider politic la nivel global\u201d. Totu\u0219i, c\u00e2nd Pentagonul a solicitat Rom\u00e2nia s\u0103 sprijine dislocarea avioanelor de realimentare \u0219i echipamentelor de comunica\u021bii, Simion a reac\u021bionat cu boicot \u0219i proteste. \u201eExact ce \u0219i-a dorit Kremlinul\u201d, a afirmat Popescu, subliniind c\u0103 acum este clar pentru toat\u0103 lumea cine este cu adev\u0103rat \u00een spatele ac\u021biunilor lui Simion.<\/p>\n<p>\u201eRom\u00e2nia are alia\u021bi. Tu ai st\u0103p\u00e2ni. Nu e acela\u0219i lucru\u201d, a concluzionat Popescu, ridic\u00e2nd semne de \u00eentrebare asupra loialit\u0103\u021bilor politice ale liderului AUR.<\/p>\n","protected":false},"excerpt":{"rendered":"<p>Virgil Popescu a lansat o critic\u0103 dur\u0103 asupra liderului AUR, George Simion, \u00een urma unei cereri oficiale din partea Statelor Unite pentru dislocarea unor avioane de realimentare \u0219i echipamente de comunica\u021bii la Kog\u0103lniceanu. \u00centr-o postare pe Facebook, Popescu a subliniat contrastul dintre entuziasmul de anul trecut, c\u00e2nd Simion a cerut declararea anului 2026 drept \u201eAnul [&hellip;]<\/p>\n","protected":false},"author":2,"featured_media":7933,"comment_status":"open","ping_status":"open","sticky":false,"template":"","format":"standard","meta":{"jnews-multi-image_gallery":[],"jnews_single_post":[],"jnews_primary_category":[],"jnews_override_counter":[],"footnotes":""},"categories":[42],"tags":[1916,697,2816,10778,444,4107,680,6021],"class_list":["post-7932","post","type-post","status-publish","format-standard","has-post-thumbnail","hentry","category-politica","tag-aur","tag-critici","tag-george-simion","tag-kogalniceanu","tag-parlament","tag-politica-romaneasca","tag-statele-unite","tag-virgil-popescu"],"_links":{"self":[{"href":"https:\/\/www.newsrecorder.ro\/app\/wp-json\/wp\/v2\/posts\/7932","targetHints":{"allow":["GET"]}}],"collection":[{"href":"https:\/\/www.newsrecorder.ro\/app\/wp-json\/wp\/v2\/posts"}],"about":[{"href":"https:\/\/www.newsrecorder.ro\/app\/wp-json\/wp\/v2\/types\/post"}],"author":[{"embeddable":true,"href":"https:\/\/www.newsrecorder.ro\/app\/wp-json\/wp\/v2\/users\/2"}],"replies":[{"embeddable":true,"href":"https:\/\/www.newsrecorder.ro\/app\/wp-json\/wp\/v2\/comments?post=7932"}],"version-history":[{"count":0,"href":"https:\/\/www.newsrecorder.ro\/app\/wp-json\/wp\/v2\/posts\/7932\/revisions"}],"wp:featuredmedia":[{"embeddable":true,"href":"https:\/\/www.newsrecorder.ro\/app\/wp-json\/wp\/v2\/media\/7933"}],"wp:attachment":[{"href":"https:\/\/www.newsrecorder.ro\/app\/wp-json\/wp\/v2\/media?parent=7932"}],"wp:term":[{"taxonomy":"category","embeddable":true,"href":"https:\/\/www.newsrecorder.ro\/app\/wp-json\/wp\/v2\/categories?post=7932"},{"taxonomy":"post_tag","embeddable":true,"href":"https:\/\/www.newsrecorder.ro\/app\/wp-json\/wp\/v2\/tags?post=7932"}],"curies":[{"name":"wp","href":"https:\/\/api.w.org\/{rel}","templated":true}]}}