{"id":7946,"date":"2026-03-11T20:13:47","date_gmt":"2026-03-11T20:13:47","guid":{"rendered":"https:\/\/www.newsrecorder.ro\/app\/2026\/03\/11\/radu-miruta-apararea-nationala-o-responsabilitate-esentiala\/"},"modified":"2026-03-11T20:13:47","modified_gmt":"2026-03-11T20:13:47","slug":"radu-miruta-apararea-nationala-o-responsabilitate-esentiala","status":"publish","type":"post","link":"https:\/\/www.newsrecorder.ro\/app\/2026\/03\/11\/radu-miruta-apararea-nationala-o-responsabilitate-esentiala\/","title":{"rendered":"Radu Miru\u021b\u0103: Ap\u0103rarea na\u021bional\u0103, o responsabilitate esen\u021bial\u0103!"},"content":{"rendered":"<p>La \u00eenceputul fiec\u0103rui an, toate cele 32 de state membre NATO se reunesc pentru a aproba propunerea Comandantului Suprem al Armatei NATO, viz\u00e2nd gestionarea for\u021belor de reac\u021bie rapid\u0103 pe teritoriul na\u021bional. Acesta este subiectul principal al punctului 2 de pe ordinea de zi de ast\u0103zi. \u00cen ceea ce prive\u0219te votul de la punctul 3, Radu Miru\u021b\u0103 a clarificat c\u0103 nu este vorba despre implicarea Rom\u00e2niei \u00eentr-un conflict militar, nici despre transformarea \u021b\u0103rii \u00eentr-o \u021bint\u0103, ci mai degrab\u0103 despre \u00eent\u0103rirea capacit\u0103\u021bii de ap\u0103rare a na\u021biunii.<\/p>\n<p>\u201eScopul acestui vot este s\u0103 ne facem mai puternici \u0219i s\u0103 descuraj\u0103m amenin\u021b\u0103rile. Nu este suficient s\u0103 avem doar solda\u021bi; este esen\u021bial s\u0103 ne \u00eembun\u0103t\u0103\u021bim capacit\u0103\u021bile tehnice de ap\u0103rare. Aceast\u0103 modernizare, care va avea loc \u00een Rom\u00e2nia dup\u0103 votul Parlamentului, va spori gradul de descurajare al celor care ar putea privi cu inten\u021bii ostile c\u0103tre \u021bara noastr\u0103,\u201d a ad\u0103ugat el.<\/p>\n<p>Miru\u021b\u0103 a continuat, subliniind c\u0103 reac\u021biile negative din partea unor grupuri, cum ar fi AUR, se datoreaz\u0103 inconsecven\u021bei lor. \u201eRom\u00e2nia nu va l\u0103sa capacitatea sa de ap\u0103rare pe seama zgomotului politic. Suntem angaja\u021bi \u00eentr-un parteneriat strategic, iar \u00eent\u0103rirea ap\u0103r\u0103rii este o responsabilitate, nu un capriciu,\u201d a subliniat el.<\/p>\n<p>Critic\u00e2nd opozi\u021bia, Miru\u021b\u0103 a afirmat: \u201eCeea ce face\u021bi ast\u0103zi este o dovad\u0103 a incapacit\u0103\u021bii de a \u00een\u021belege realitatea. V\u0103 juca\u021bi cu soarta rom\u00e2nilor, evit\u00e2nd deciziile importante \u0219i oferind sprijin celor care v\u0103 sus\u021bin din afara \u021b\u0103rii.\u201d<\/p>\n<p>Replica lui George Simion a fost acerb\u0103: \u201eSe amestec\u0103 noaptea cu ziua, vor s\u0103 spun\u0103 c\u0103 nu \u0219tiu c\u0103 NATO nu are un comandant suprem. Aceasta este o problem\u0103 de baz\u0103 pe care nu o \u00een\u021beleg,\u201d a spus el, subliniind c\u0103 rom\u00e2nii merit\u0103 mai mult de la liderii lor.<\/p>\n<p>\u00centr-o alt\u0103 dezbatere, Camera Deputa\u021bilor \u0219i Senatul au votat, \u00een \u0219edin\u021b\u0103 comun\u0103, propunerea pre\u0219edintelui Nicu\u0219or Dan, care solicit\u0103 dislocarea temporar\u0103 a echipamentelor militare \u0219i a for\u021belor americane pe teritoriul Rom\u00e2niei, \u00een contextul conflictului actual din Iran.<\/p>\n","protected":false},"excerpt":{"rendered":"<p>La \u00eenceputul fiec\u0103rui an, toate cele 32 de state membre NATO se reunesc pentru a aproba propunerea Comandantului Suprem al Armatei NATO, viz\u00e2nd gestionarea for\u021belor de reac\u021bie rapid\u0103 pe teritoriul na\u021bional. Acesta este subiectul principal al punctului 2 de pe ordinea de zi de ast\u0103zi. \u00cen ceea ce prive\u0219te votul de la punctul 3, Radu [&hellip;]<\/p>\n","protected":false},"author":2,"featured_media":7947,"comment_status":"open","ping_status":"open","sticky":false,"template":"","format":"standard","meta":{"jnews-multi-image_gallery":[],"jnews_single_post":[],"jnews_primary_category":[],"jnews_override_counter":[],"footnotes":""},"categories":[42],"tags":[414,9936,10787,10788,10786,464,352,4739],"class_list":["post-7946","post","type-post","status-publish","format-standard","has-post-thumbnail","hentry","category-politica","tag-amenintari","tag-aparare-nationala","tag-capacitati-tehnice","tag-descurajare","tag-forte-de-reactie-rapida","tag-modernizare","tag-nato","tag-radu-miruta"],"_links":{"self":[{"href":"https:\/\/www.newsrecorder.ro\/app\/wp-json\/wp\/v2\/posts\/7946","targetHints":{"allow":["GET"]}}],"collection":[{"href":"https:\/\/www.newsrecorder.ro\/app\/wp-json\/wp\/v2\/posts"}],"about":[{"href":"https:\/\/www.newsrecorder.ro\/app\/wp-json\/wp\/v2\/types\/post"}],"author":[{"embeddable":true,"href":"https:\/\/www.newsrecorder.ro\/app\/wp-json\/wp\/v2\/users\/2"}],"replies":[{"embeddable":true,"href":"https:\/\/www.newsrecorder.ro\/app\/wp-json\/wp\/v2\/comments?post=7946"}],"version-history":[{"count":0,"href":"https:\/\/www.newsrecorder.ro\/app\/wp-json\/wp\/v2\/posts\/7946\/revisions"}],"wp:featuredmedia":[{"embeddable":true,"href":"https:\/\/www.newsrecorder.ro\/app\/wp-json\/wp\/v2\/media\/7947"}],"wp:attachment":[{"href":"https:\/\/www.newsrecorder.ro\/app\/wp-json\/wp\/v2\/media?parent=7946"}],"wp:term":[{"taxonomy":"category","embeddable":true,"href":"https:\/\/www.newsrecorder.ro\/app\/wp-json\/wp\/v2\/categories?post=7946"},{"taxonomy":"post_tag","embeddable":true,"href":"https:\/\/www.newsrecorder.ro\/app\/wp-json\/wp\/v2\/tags?post=7946"}],"curies":[{"name":"wp","href":"https:\/\/api.w.org\/{rel}","templated":true}]}}