{"id":7958,"date":"2026-03-11T21:40:49","date_gmt":"2026-03-11T21:40:49","guid":{"rendered":"https:\/\/www.newsrecorder.ro\/app\/2026\/03\/11\/trump-ataca-israelul-netanyahu-slab-si-patetic-trebuie-sa-se-concentreze-pe-razboi\/"},"modified":"2026-03-11T21:40:49","modified_gmt":"2026-03-11T21:40:49","slug":"trump-ataca-israelul-netanyahu-slab-si-patetic-trebuie-sa-se-concentreze-pe-razboi","status":"publish","type":"post","link":"https:\/\/www.newsrecorder.ro\/app\/2026\/03\/11\/trump-ataca-israelul-netanyahu-slab-si-patetic-trebuie-sa-se-concentreze-pe-razboi\/","title":{"rendered":"Trump atac\u0103 Israelul: \u201eNetanyahu, slab \u0219i patetic, trebuie s\u0103 se concentreze pe r\u0103zboi!\u201d"},"content":{"rendered":"<p>\u00centr-o discu\u021bie recent\u0103 cu <strong><a style=\"color: #ff0000\" href=\"https:\/\/www.axios.com\/2026\/03\/11\/trump-iran-war-end-withdrawal\">Barak Ravid de la Axios<\/a><\/strong>, pre\u0219edintele Statelor Unite, Donald Trump, a lansat critici dure la adresa omologului s\u0103u israelian, acuz\u00e2ndu-l c\u0103 nu \u00eei ofer\u0103 o gra\u021biere premierului Benjamin Netanyahu.<\/p>\n<p>\u201e<strong>Spune-mi, stai pu\u021bin, stai pu\u021bin. Ce se \u00eent\u00e2mpl\u0103 cu gra\u021bierea? El (Herzog) nu are nevoie de opinii juridice. Spune doar prostii. Este o persoan\u0103 corupt\u0103, slab\u0103 \u0219i patetic\u0103. Vreau ca Bibi s\u0103 fie concentrat pe r\u0103zboi \u2013 nu pe prostii<\/strong>,\u201d a declarat Trump, conform rapoartelor din presa israelian\u0103.<\/p>\n<p id=\"caption-attachment-23701279\" class=\"wp-caption-text\">Decizie Departamentul de gra\u021bieri<\/p>\n<p id=\"caption-attachment-23701280\" class=\"wp-caption-text\">Decizie Departamentul de gra\u021bieri<\/p>\n<p>\u00cen aceea\u0219i sear\u0103, Departamentul de gra\u021bieri din Israel a anun\u021bat c\u0103 se opune cererii de gra\u021biere pentru Netanyahu, subliniind c\u0103 pre\u0219edintele Israelului nu are neap\u0103rat autoritatea de a-l gra\u021bia pe acesta.<\/p>\n","protected":false},"excerpt":{"rendered":"<p>\u00centr-o discu\u021bie recent\u0103 cu Barak Ravid de la Axios, pre\u0219edintele Statelor Unite, Donald Trump, a lansat critici dure la adresa omologului s\u0103u israelian, acuz\u00e2ndu-l c\u0103 nu \u00eei ofer\u0103 o gra\u021biere premierului Benjamin Netanyahu. \u201eSpune-mi, stai pu\u021bin, stai pu\u021bin. Ce se \u00eent\u00e2mpl\u0103 cu gra\u021bierea? El (Herzog) nu are nevoie de opinii juridice. Spune doar prostii. Este [&hellip;]<\/p>\n","protected":false},"author":2,"featured_media":7959,"comment_status":"open","ping_status":"open","sticky":false,"template":"","format":"standard","meta":{"jnews-multi-image_gallery":[],"jnews_single_post":[],"jnews_primary_category":[],"jnews_override_counter":[],"footnotes":""},"categories":[41],"tags":[10796,4456,1076,697,10797,31,4193,268],"class_list":["post-7958","post","type-post","status-publish","format-standard","has-post-thumbnail","hentry","category-externe","tag-barak-ravid","tag-benjamin-netanyahu","tag-coruptie","tag-critici","tag-departamentul-de-gratieri","tag-jnews_demo_donald-trump","tag-gratiere","tag-israel"],"_links":{"self":[{"href":"https:\/\/www.newsrecorder.ro\/app\/wp-json\/wp\/v2\/posts\/7958","targetHints":{"allow":["GET"]}}],"collection":[{"href":"https:\/\/www.newsrecorder.ro\/app\/wp-json\/wp\/v2\/posts"}],"about":[{"href":"https:\/\/www.newsrecorder.ro\/app\/wp-json\/wp\/v2\/types\/post"}],"author":[{"embeddable":true,"href":"https:\/\/www.newsrecorder.ro\/app\/wp-json\/wp\/v2\/users\/2"}],"replies":[{"embeddable":true,"href":"https:\/\/www.newsrecorder.ro\/app\/wp-json\/wp\/v2\/comments?post=7958"}],"version-history":[{"count":0,"href":"https:\/\/www.newsrecorder.ro\/app\/wp-json\/wp\/v2\/posts\/7958\/revisions"}],"wp:featuredmedia":[{"embeddable":true,"href":"https:\/\/www.newsrecorder.ro\/app\/wp-json\/wp\/v2\/media\/7959"}],"wp:attachment":[{"href":"https:\/\/www.newsrecorder.ro\/app\/wp-json\/wp\/v2\/media?parent=7958"}],"wp:term":[{"taxonomy":"category","embeddable":true,"href":"https:\/\/www.newsrecorder.ro\/app\/wp-json\/wp\/v2\/categories?post=7958"},{"taxonomy":"post_tag","embeddable":true,"href":"https:\/\/www.newsrecorder.ro\/app\/wp-json\/wp\/v2\/tags?post=7958"}],"curies":[{"name":"wp","href":"https:\/\/api.w.org\/{rel}","templated":true}]}}