{"id":7964,"date":"2026-03-11T21:41:49","date_gmt":"2026-03-11T21:41:49","guid":{"rendered":"https:\/\/www.newsrecorder.ro\/app\/2026\/03\/11\/ungaria-trimite-o-delegatie-sa-evalueze-conducta-drujba-kievul-riposteaza\/"},"modified":"2026-03-11T21:41:49","modified_gmt":"2026-03-11T21:41:49","slug":"ungaria-trimite-o-delegatie-sa-evalueze-conducta-drujba-kievul-riposteaza","status":"publish","type":"post","link":"https:\/\/www.newsrecorder.ro\/app\/2026\/03\/11\/ungaria-trimite-o-delegatie-sa-evalueze-conducta-drujba-kievul-riposteaza\/","title":{"rendered":"Ungaria trimite o delega\u021bie s\u0103 evalueze conducta Drujba, Kievul riposteaz\u0103!"},"content":{"rendered":"<p>Delega\u021bia maghiar\u0103, condus\u0103 de viceministrul Energiei, G\u00e1bor Czepeka, include \u0219i o echip\u0103 de speciali\u0219ti din industria petrolier\u0103 a Ungariei, conform informa\u021biilor furnizate de <a href=\"https:\/\/www.euronews.com\/2026\/03\/11\/hungary-sends-fact-finding-mission-over-druzhba-pipeline-as-kyiv-refuses-to-recognise-dele\" target=\"_blank\" rel=\"noopener\">Euronews<\/a>.<\/p>\n<p><em>\u201ePozi\u021bia strategic\u0103 a Ungariei \u00een re\u021beaua de conducte din est este esen\u021bial\u0103, iar men\u021binerea func\u021bion\u0103rii conductei Drujba este crucial\u0103 pentru \u021bara noastr\u0103,\u201d<\/em> a declarat viceministrul G\u00e1bor Czepeka \u00eenainte de a p\u0103trunde \u00een Ucraina.<\/p>\n<p>Reac\u021bia Ucrainei a fost una ferm\u0103, Ministerul Afacerilor Externe exprim\u00e2ndu-\u0219i dezacordul fa\u021b\u0103 de vizita delega\u021biei maghiare. Autorit\u0103\u021bile ucrainene au specificat c\u0103 delega\u021bia nu beneficiaz\u0103 de un mandat oficial \u0219i c\u0103 nu exist\u0103 planuri pentru a-i primi.<\/p>\n<p><em>\u201eSuntem con\u0219tien\u021bi c\u0103 un grup de cet\u0103\u021beni maghiari a intrat \u00een Ucraina conform normelor generale aplicabile cet\u0103\u021benilor din spa\u021biul Schengen, av\u00e2nd acces f\u0103r\u0103 viz\u0103,\u201d<\/em> a declarat purt\u0103torul de cuv\u00e2nt al Ministerului Afacerilor Externe al Ucrainei, Heorhii Tykhyi, conform <a href=\"https:\/\/www.eurointegration.com.ua\/eng\/news\/2026\/03\/11\/7232983\/\" target=\"_blank\" rel=\"noopener\">European Pravda<\/a>.<\/p>\n<p>Tykhyi a subliniat c\u0103 orice persoan\u0103 poate intra \u00een Ucraina din \u021b\u0103rile Schengen \u00een scopuri turistice, dar a ad\u0103ugat c\u0103 grupul maghiar nu are un statut oficial pe teritoriul Ucrainei \u0219i nu sunt programate \u00eent\u00e2lniri oficiale. <em>\u201eEste incorect s\u0103 ne referim la ei ca la o \u00abdelega\u021bie\u00bb,\u201d<\/em> a spus el.<\/p>\n<p>Purt\u0103torul de cuv\u00e2nt a men\u021bionat totodat\u0103 c\u0103 cet\u0103\u021benii str\u0103ini pot r\u0103m\u00e2ne \u00een Ucraina, cu condi\u021bia s\u0103 <em>\u201etrateze Ucraina cu respect \u0219i s\u0103 respecte regulile generale de vizitare, inclusiv pentru scopuri turistice\u201d<\/em>.<\/p>\n<p>\u00cen contextul acestui conflict diplomatic, viceministrul Energiei din Ungaria a trimis s\u0103pt\u0103m\u00e2na trecut\u0103 o scrisoare omologului s\u0103u ucrainean, Den\u00ees \u0218m\u00eehal, \u00een care sublinia c\u0103 Ungaria va oferi Ucrainei un termen de \u201etrei zile\u201d pentru a restabili func\u021bionarea conductei Drujba.<\/p>\n<p>Anterioar, Ungaria \u0219i Slovacia au anun\u021bat inten\u021bia de a trimite o delega\u021bie la locul avariei pentru a efectua o evaluare tehnic\u0103. \u00cen plus, premierul slovac Robert Fico, dup\u0103 o \u00eent\u00e2lnire cu Ursula von der Leyen, a declarat c\u0103 at\u00e2t el, c\u00e2t \u0219i pre\u0219edinta Comisiei Europene sunt de acord c\u0103 <a href=\"https:\/\/www.mediafax.ro\/externe\/premierul-slovaciei-sustine-ca-el-si-ursula-von-der-leyen-sunt-de-acord-ca-tranzitul-prin-conducta-drujba-ar-trebui-reluat-23700540\" target=\"_blank\" rel=\"noopener\">furnizarea de petrol ar trebui s\u0103 fie reluat\u0103<\/a>.<\/p>\n","protected":false},"excerpt":{"rendered":"<p>Delega\u021bia maghiar\u0103, condus\u0103 de viceministrul Energiei, G\u00e1bor Czepeka, include \u0219i o echip\u0103 de speciali\u0219ti din industria petrolier\u0103 a Ungariei, conform informa\u021biilor furnizate de Euronews. \u201ePozi\u021bia strategic\u0103 a Ungariei \u00een re\u021beaua de conducte din est este esen\u021bial\u0103, iar men\u021binerea func\u021bion\u0103rii conductei Drujba este crucial\u0103 pentru \u021bara noastr\u0103,\u201d a declarat viceministrul G\u00e1bor Czepeka \u00eenainte de a p\u0103trunde [&hellip;]<\/p>\n","protected":false},"author":2,"featured_media":7965,"comment_status":"open","ping_status":"open","sticky":false,"template":"","format":"standard","meta":{"jnews-multi-image_gallery":[],"jnews_single_post":[],"jnews_primary_category":[],"jnews_override_counter":[],"footnotes":""},"categories":[41],"tags":[10800,191,10802,359,10803,682,1924,10801],"class_list":["post-7964","post","type-post","status-publish","format-standard","has-post-thumbnail","hentry","category-externe","tag-conducte","tag-energie","tag-gabor-czepeka","tag-ministerul-afacerilor-externe","tag-schengen","tag-ucraina","tag-ungaria","tag-viceministru"],"_links":{"self":[{"href":"https:\/\/www.newsrecorder.ro\/app\/wp-json\/wp\/v2\/posts\/7964","targetHints":{"allow":["GET"]}}],"collection":[{"href":"https:\/\/www.newsrecorder.ro\/app\/wp-json\/wp\/v2\/posts"}],"about":[{"href":"https:\/\/www.newsrecorder.ro\/app\/wp-json\/wp\/v2\/types\/post"}],"author":[{"embeddable":true,"href":"https:\/\/www.newsrecorder.ro\/app\/wp-json\/wp\/v2\/users\/2"}],"replies":[{"embeddable":true,"href":"https:\/\/www.newsrecorder.ro\/app\/wp-json\/wp\/v2\/comments?post=7964"}],"version-history":[{"count":0,"href":"https:\/\/www.newsrecorder.ro\/app\/wp-json\/wp\/v2\/posts\/7964\/revisions"}],"wp:featuredmedia":[{"embeddable":true,"href":"https:\/\/www.newsrecorder.ro\/app\/wp-json\/wp\/v2\/media\/7965"}],"wp:attachment":[{"href":"https:\/\/www.newsrecorder.ro\/app\/wp-json\/wp\/v2\/media?parent=7964"}],"wp:term":[{"taxonomy":"category","embeddable":true,"href":"https:\/\/www.newsrecorder.ro\/app\/wp-json\/wp\/v2\/categories?post=7964"},{"taxonomy":"post_tag","embeddable":true,"href":"https:\/\/www.newsrecorder.ro\/app\/wp-json\/wp\/v2\/tags?post=7964"}],"curies":[{"name":"wp","href":"https:\/\/api.w.org\/{rel}","templated":true}]}}