{"id":7976,"date":"2026-03-12T01:12:21","date_gmt":"2026-03-12T01:12:21","guid":{"rendered":"https:\/\/www.newsrecorder.ro\/app\/2026\/03\/12\/iranul-nu-va-juca-la-campionatul-mondial-de-fotbal-anunta-ministrul\/"},"modified":"2026-03-12T01:12:21","modified_gmt":"2026-03-12T01:12:21","slug":"iranul-nu-va-juca-la-campionatul-mondial-de-fotbal-anunta-ministrul","status":"publish","type":"post","link":"https:\/\/www.newsrecorder.ro\/app\/2026\/03\/12\/iranul-nu-va-juca-la-campionatul-mondial-de-fotbal-anunta-ministrul\/","title":{"rendered":"Iranul nu va juca la Campionatul Mondial de fotbal, anun\u021b\u0103 ministrul!"},"content":{"rendered":"<p>Ministrul iranian Ahmad Donyamali a declarat, \u00een cadrul unei interven\u021bii la televiziunea de stat, c\u0103, \u00een lumina asasin\u0103rii liderului suprem al Republicii Islamice de c\u0103tre un \u201eregim corupt\u201d, Iranul nu va participa sub nicio form\u0103 la <a href=\"https:\/\/www.mediafax.ro\/sport\/seful-fifa-infantino-spune-ca-a-primit-asigurari-de-la-trump-ca-iranul-poate-veni-in-sua-pentru-cupa-mondiala-23700843\">Cupa Mondial\u0103<\/a>. Aceast\u0103 afirma\u021bie a fost reportat\u0103 de agen\u021bia de \u0219tiri <a href=\"https:\/\/www.reuters.com\/sports\/soccer\/iran-cannot-participate-world-cup-sports-minister-says-2026-03-11\/\" target=\"_blank\" rel=\"noopener\">Reuters<\/a>.<\/p>\n<p>Conflictul din regiunea Golfului a fost amplificat de atacurile aeriene lansate de Statele Unite \u0219i Israel asupra Iranului, care au avut loc \u00een urm\u0103 cu aproape dou\u0103 s\u0103pt\u0103m\u00e2ni, culmin\u00e2nd cu moartea liderului suprem al \u021b\u0103rii.<\/p>\n<p>Cupa Mondial\u0103, programat\u0103 s\u0103 se desf\u0103\u0219oare \u00eentre 11 iunie \u0219i 19 iulie, va avea loc \u00een Statele Unite, Mexic \u0219i Canada.<\/p>\n<p>Donyamali a subliniat c\u0103 \u201ecopiii no\u0219tri nu sunt \u00een siguran\u021b\u0103\u201d \u0219i a ad\u0103ugat c\u0103, \u00een prezent, nu exist\u0103 condi\u021bii favorabile pentru participarea echipei na\u021bionale. \u201eAc\u021biunile ostile \u00eentreprinse \u00eempotriva Iranului ne-au for\u021bat s\u0103 ne angaj\u0103m \u00een dou\u0103 r\u0103zboaie \u00een ultimele opt sau nou\u0103 luni, iar mii de oameni din poporul nostru au fost uci\u0219i \u0219i martiriza\u021bi. Prin urmare, nu putem accepta o astfel de prezen\u021b\u0103\u201d, a afirmat ministrul.<\/p>\n<p>\u00cen urma tragerii la sor\u021bi din decembrie anul trecut, Iranul a fost repartizat \u00een Grupa G, al\u0103turi de echipele din Belgia, Egipt \u0219i Noua Zeeland\u0103. Meciurile din grup\u0103 vor avea loc \u00een Statele Unite, dou\u0103 dintre ele fiind programate \u00een Los Angeles \u0219i unul \u00een Seattle.<\/p>\n<p>Pe de alt\u0103 parte, pre\u0219edintele FIFA, Gianni Infantino, a men\u021bionat c\u0103 a avut o \u00eent\u00e2lnire cu fostul pre\u0219edinte Donald Trump mar\u021bi sear\u0103, \u00een care au discutat despre stadiul preg\u0103tirilor pentru turneu. Infantino a primit asigur\u0103ri c\u0103 Iranului i se va permite s\u0103 participe la competi\u021bie \u00een SUA.<\/p>\n","protected":false},"excerpt":{"rendered":"<p>Ministrul iranian Ahmad Donyamali a declarat, \u00een cadrul unei interven\u021bii la televiziunea de stat, c\u0103, \u00een lumina asasin\u0103rii liderului suprem al Republicii Islamice de c\u0103tre un \u201eregim corupt\u201d, Iranul nu va participa sub nicio form\u0103 la Cupa Mondial\u0103. Aceast\u0103 afirma\u021bie a fost reportat\u0103 de agen\u021bia de \u0219tiri Reuters. Conflictul din regiunea Golfului a fost amplificat [&hellip;]<\/p>\n","protected":false},"author":6,"featured_media":7977,"comment_status":"open","ping_status":"open","sticky":false,"template":"","format":"standard","meta":{"jnews-multi-image_gallery":[],"jnews_single_post":[],"jnews_primary_category":[],"jnews_override_counter":[],"footnotes":""},"categories":[46],"tags":[10820,3608,10822,10821,2555,913,8719,9561],"class_list":["post-7976","post","type-post","status-publish","format-standard","has-post-thumbnail","hentry","category-sport","tag-ahmad-donyamali","tag-atacuri-aeriene","tag-conditii-nefavorabile","tag-conflicte-golfului","tag-cupa-mondiala","tag-iran","tag-lider-suprem","tag-siguranta-copiilor"],"_links":{"self":[{"href":"https:\/\/www.newsrecorder.ro\/app\/wp-json\/wp\/v2\/posts\/7976","targetHints":{"allow":["GET"]}}],"collection":[{"href":"https:\/\/www.newsrecorder.ro\/app\/wp-json\/wp\/v2\/posts"}],"about":[{"href":"https:\/\/www.newsrecorder.ro\/app\/wp-json\/wp\/v2\/types\/post"}],"author":[{"embeddable":true,"href":"https:\/\/www.newsrecorder.ro\/app\/wp-json\/wp\/v2\/users\/6"}],"replies":[{"embeddable":true,"href":"https:\/\/www.newsrecorder.ro\/app\/wp-json\/wp\/v2\/comments?post=7976"}],"version-history":[{"count":0,"href":"https:\/\/www.newsrecorder.ro\/app\/wp-json\/wp\/v2\/posts\/7976\/revisions"}],"wp:featuredmedia":[{"embeddable":true,"href":"https:\/\/www.newsrecorder.ro\/app\/wp-json\/wp\/v2\/media\/7977"}],"wp:attachment":[{"href":"https:\/\/www.newsrecorder.ro\/app\/wp-json\/wp\/v2\/media?parent=7976"}],"wp:term":[{"taxonomy":"category","embeddable":true,"href":"https:\/\/www.newsrecorder.ro\/app\/wp-json\/wp\/v2\/categories?post=7976"},{"taxonomy":"post_tag","embeddable":true,"href":"https:\/\/www.newsrecorder.ro\/app\/wp-json\/wp\/v2\/tags?post=7976"}],"curies":[{"name":"wp","href":"https:\/\/api.w.org\/{rel}","templated":true}]}}