{"id":7980,"date":"2026-03-12T01:13:05","date_gmt":"2026-03-12T01:13:05","guid":{"rendered":"https:\/\/www.newsrecorder.ro\/app\/2026\/03\/12\/alerta-economica-scumpirea-petrolului-va-amplifica-inflatia\/"},"modified":"2026-03-12T01:13:05","modified_gmt":"2026-03-12T01:13:05","slug":"alerta-economica-scumpirea-petrolului-va-amplifica-inflatia","status":"publish","type":"post","link":"https:\/\/www.newsrecorder.ro\/app\/2026\/03\/12\/alerta-economica-scumpirea-petrolului-va-amplifica-inflatia\/","title":{"rendered":"Alert\u0103 economic\u0103: Scumpirea petrolului va amplifica infla\u021bia!"},"content":{"rendered":"<p>Conform declara\u021biilor unui oficial al B\u0103ncii Na\u021bionale a Rom\u00e2niei (BNR), perspectiva unui conflict militar prelungit ar putea genera efecte economice ample \u0219i de durat\u0103, inclusiv asupra Rom\u00e2niei. \u00cen acest context, r\u0103m\u00e2ne de urm\u0103rit \u00een ce m\u0103sur\u0103 banca central\u0103 va decide s\u0103 ajusteze prognoza de infla\u021bie, \u00een momentul public\u0103rii urm\u0103torului raport trimestrial.<\/p>\n<p>Estim\u0103rile actuale sugereaz\u0103 c\u0103 rata anual\u0103 a infla\u021biei ar putea s\u0103 ajung\u0103 la 9,8% \u00een luna iunie, urm\u00e2nd s\u0103 scad\u0103 ulterior la 3,9% p\u00e2n\u0103 \u00een decembrie 2026. De asemenea, \u00een luna august este anticipat un impact semnificativ din cauza major\u0103rii TVA, ceea ce va influen\u021ba evolu\u021bia acestui indicator.<\/p>\n<p>Cosmin Marinescu a subliniat c\u0103 Rom\u00e2nia, comparativ cu alte \u021b\u0103ri europene, are o dependen\u021b\u0103 mai redus\u0103 de importurile de petrol, aproximativ 1,5% din PIB \u00een medie anual\u0103 pentru perioada 2022-2024, cu o tendin\u021b\u0103 de sc\u0103dere spre 1% din PIB \u00een 2025. Totu\u0219i, el a subliniat c\u0103 expunerea pe segmentul pre\u021burilor bunurilor de consum r\u0103m\u00e2ne semnificativ\u0103.<\/p>\n<p>Viceguvernatorul BNR nu a exclus scenariul unei escalad\u0103ri a conflictului din Golf, avertiz\u00e2nd c\u0103 o asemenea situa\u021bie ar putea reprezenta o \u201elam\u0103 cu dou\u0103 t\u0103i\u0219uri\u201d pentru economiile europene, inclusiv pentru cea rom\u00e2neasc\u0103. Un alt risc pertinent este reac\u021bia marilor fonduri de investi\u021bii, care monitorizeaz\u0103 cu aten\u021bie evolu\u021biile din regiune \u0219i ar putea s\u0103 \u00ee\u0219i revizuiasc\u0103 expunerile la nivel global.<\/p>\n<p>Pe plan intern, oficialul BNR a subliniat c\u0103 reducerea deficitului bugetar nu este o op\u021biune, ci o condi\u021bie esen\u021bial\u0103 pentru men\u021binerea credibilit\u0103\u021bii politicilor publice \u0219i pentru asigurarea stabilit\u0103\u021bii economice. \u201eNumai astfel putem reveni la o sustenabilitate financiar\u0103 \u0219i reduce dezechilibrele structurale\u201d, a transmis Cosmin Marinescu.<\/p>\n<p>De asemenea, acesta a eviden\u021biat c\u0103 economia Rom\u00e2niei \u00ee\u0219i schimb\u0103 treptat sursele de cre\u0219tere. Datele pentru anul 2025 arat\u0103 o contribu\u021bie mai mare a investi\u021biilor la avansul economic, estimat\u0103 la 1 punct procentual, comparativ cu aportul consumului, care ar fi de 0,4 puncte procentuale. Aceast\u0103 schimbare structural\u0103 ar putea fi un semnal pozitiv pentru echilibrele economice pe termen mediu.<\/p>\n","protected":false},"excerpt":{"rendered":"<p>Conform declara\u021biilor unui oficial al B\u0103ncii Na\u021bionale a Rom\u00e2niei (BNR), perspectiva unui conflict militar prelungit ar putea genera efecte economice ample \u0219i de durat\u0103, inclusiv asupra Rom\u00e2niei. \u00cen acest context, r\u0103m\u00e2ne de urm\u0103rit \u00een ce m\u0103sur\u0103 banca central\u0103 va decide s\u0103 ajusteze prognoza de infla\u021bie, \u00een momentul public\u0103rii urm\u0103torului raport trimestrial. Estim\u0103rile actuale sugereaz\u0103 c\u0103 [&hellip;]<\/p>\n","protected":false},"author":4,"featured_media":7981,"comment_status":"open","ping_status":"open","sticky":false,"template":"","format":"standard","meta":{"jnews-multi-image_gallery":[],"jnews_single_post":[],"jnews_primary_category":[],"jnews_override_counter":[],"footnotes":""},"categories":[40],"tags":[4466,4291,778,1736,1461,10792,149,1749],"class_list":["post-7980","post","type-post","status-publish","format-standard","has-post-thumbnail","hentry","category-econonie","tag-banca-nationala","tag-conflict-militar","tag-inflatie","tag-petrol","tag-pib","tag-prognoza-economica","tag-romania","tag-tva"],"_links":{"self":[{"href":"https:\/\/www.newsrecorder.ro\/app\/wp-json\/wp\/v2\/posts\/7980","targetHints":{"allow":["GET"]}}],"collection":[{"href":"https:\/\/www.newsrecorder.ro\/app\/wp-json\/wp\/v2\/posts"}],"about":[{"href":"https:\/\/www.newsrecorder.ro\/app\/wp-json\/wp\/v2\/types\/post"}],"author":[{"embeddable":true,"href":"https:\/\/www.newsrecorder.ro\/app\/wp-json\/wp\/v2\/users\/4"}],"replies":[{"embeddable":true,"href":"https:\/\/www.newsrecorder.ro\/app\/wp-json\/wp\/v2\/comments?post=7980"}],"version-history":[{"count":0,"href":"https:\/\/www.newsrecorder.ro\/app\/wp-json\/wp\/v2\/posts\/7980\/revisions"}],"wp:featuredmedia":[{"embeddable":true,"href":"https:\/\/www.newsrecorder.ro\/app\/wp-json\/wp\/v2\/media\/7981"}],"wp:attachment":[{"href":"https:\/\/www.newsrecorder.ro\/app\/wp-json\/wp\/v2\/media?parent=7980"}],"wp:term":[{"taxonomy":"category","embeddable":true,"href":"https:\/\/www.newsrecorder.ro\/app\/wp-json\/wp\/v2\/categories?post=7980"},{"taxonomy":"post_tag","embeddable":true,"href":"https:\/\/www.newsrecorder.ro\/app\/wp-json\/wp\/v2\/tags?post=7980"}],"curies":[{"name":"wp","href":"https:\/\/api.w.org\/{rel}","templated":true}]}}