{"id":7988,"date":"2026-03-12T01:14:27","date_gmt":"2026-03-12T01:14:27","guid":{"rendered":"https:\/\/www.newsrecorder.ro\/app\/2026\/03\/12\/porsche-anunta-concedieri-din-cauza-scaderii-vanzarilor-in-china\/"},"modified":"2026-03-12T01:14:27","modified_gmt":"2026-03-12T01:14:27","slug":"porsche-anunta-concedieri-din-cauza-scaderii-vanzarilor-in-china","status":"publish","type":"post","link":"https:\/\/www.newsrecorder.ro\/app\/2026\/03\/12\/porsche-anunta-concedieri-din-cauza-scaderii-vanzarilor-in-china\/","title":{"rendered":"Porsche anun\u021b\u0103 concedieri din cauza sc\u0103derii v\u00e2nz\u0103rilor \u00een China!"},"content":{"rendered":"<p>\u00centr-o declara\u021bie f\u0103cut\u0103 miercuri, Michael Leiters, directorul general al Porsche, a anun\u021bat o serie de m\u0103suri menite s\u0103 abordeze provoc\u0103rile cu care se confrunt\u0103 compania. Aceste ini\u021biative sunt concepute pentru a compensa impactul tarifelor comerciale \u0219i costurile ridicate asociate cu strategia de tranzi\u021bie c\u0103tre ma\u0219ini electrice, conform unui raport al <a href=\"https:\/\/www.bloomberg.com\/news\/articles\/2026-03-11\/porsche-warns-of-challenging-sales-year-on-tariffs-china-slump?srnd=homepage-europe\">Bloomberg<\/a>.<\/p>\n<p>\u201e<strong>Eficientizarea companiei trebuie intensificat\u0103, iar acest lucru va duce la noi reduceri de personal<\/strong>\u201d, a subliniat Leiters, men\u021bion\u00e2nd c\u0103 detalii suplimentare vor fi prezentate \u00een toamna acestui an.<\/p>\n<p>Porsche se afl\u0103 \u00eentr-un an provocator, av\u00e2nd \u00een vedere sc\u0103derea semnificativ\u0103 a v\u00e2nz\u0103rilor \u00een China. Aici, produc\u0103torii locali c\u00e2\u0219tig\u0103 teren rapid \u00een segmentul ma\u0219inilor de lux, ceea ce complic\u0103 situa\u021bia. Estim\u0103rile arat\u0103 c\u0103 v\u00e2nz\u0103rile din China ar putea s\u0103 scad\u0103 cu aproape o treime \u00een acest an, ajung\u00e2nd la aproximativ 30.000 de unit\u0103\u021bi, \u00een contextul unei concuren\u021be tot mai intense.<\/p>\n<p>\u00cen urm\u0103toarele luni, Leiters are programate discu\u021bii cu liderii sindicali pentru a analiza noi m\u0103suri de economisire. P\u00e2n\u0103 acum, Porsche a convenit asupra reducerii personalului cu aproximativ 3.900 de angaja\u021bi p\u00e2n\u0103 la sf\u00e2r\u0219itul deceniului, av\u00e2nd \u00een prezent o echip\u0103 de aproximativ 40.000 de angaja\u021bi.<\/p>\n<p>O alt\u0103 provocare considerabil\u0103 pentru companie se afl\u0103 pe pia\u021ba din Statele Unite, cea mai mare pia\u021b\u0103 individual\u0103 pentru Porsche, unde taxele vamale complic\u0103 \u0219i mai mult activitatea.<\/p>\n","protected":false},"excerpt":{"rendered":"<p>\u00centr-o declara\u021bie f\u0103cut\u0103 miercuri, Michael Leiters, directorul general al Porsche, a anun\u021bat o serie de m\u0103suri menite s\u0103 abordeze provoc\u0103rile cu care se confrunt\u0103 compania. Aceste ini\u021biative sunt concepute pentru a compensa impactul tarifelor comerciale \u0219i costurile ridicate asociate cu strategia de tranzi\u021bie c\u0103tre ma\u0219ini electrice, conform unui raport al Bloomberg. \u201eEficientizarea companiei trebuie intensificat\u0103, [&hellip;]<\/p>\n","protected":false},"author":4,"featured_media":7989,"comment_status":"open","ping_status":"open","sticky":false,"template":"","format":"standard","meta":{"jnews-multi-image_gallery":[],"jnews_single_post":[],"jnews_primary_category":[],"jnews_override_counter":[],"footnotes":""},"categories":[40],"tags":[1459,3348,1705,10838,211,10839,792,2935],"class_list":["post-7988","post","type-post","status-publish","format-standard","has-post-thumbnail","hentry","category-econonie","tag-china","tag-masini-electrice","tag-masuri","tag-porsche","tag-provocari","tag-reducere-personal","tag-tranzitie","tag-vanzari"],"_links":{"self":[{"href":"https:\/\/www.newsrecorder.ro\/app\/wp-json\/wp\/v2\/posts\/7988","targetHints":{"allow":["GET"]}}],"collection":[{"href":"https:\/\/www.newsrecorder.ro\/app\/wp-json\/wp\/v2\/posts"}],"about":[{"href":"https:\/\/www.newsrecorder.ro\/app\/wp-json\/wp\/v2\/types\/post"}],"author":[{"embeddable":true,"href":"https:\/\/www.newsrecorder.ro\/app\/wp-json\/wp\/v2\/users\/4"}],"replies":[{"embeddable":true,"href":"https:\/\/www.newsrecorder.ro\/app\/wp-json\/wp\/v2\/comments?post=7988"}],"version-history":[{"count":0,"href":"https:\/\/www.newsrecorder.ro\/app\/wp-json\/wp\/v2\/posts\/7988\/revisions"}],"wp:featuredmedia":[{"embeddable":true,"href":"https:\/\/www.newsrecorder.ro\/app\/wp-json\/wp\/v2\/media\/7989"}],"wp:attachment":[{"href":"https:\/\/www.newsrecorder.ro\/app\/wp-json\/wp\/v2\/media?parent=7988"}],"wp:term":[{"taxonomy":"category","embeddable":true,"href":"https:\/\/www.newsrecorder.ro\/app\/wp-json\/wp\/v2\/categories?post=7988"},{"taxonomy":"post_tag","embeddable":true,"href":"https:\/\/www.newsrecorder.ro\/app\/wp-json\/wp\/v2\/tags?post=7988"}],"curies":[{"name":"wp","href":"https:\/\/api.w.org\/{rel}","templated":true}]}}