{"id":8016,"date":"2026-03-12T08:21:22","date_gmt":"2026-03-12T08:21:22","guid":{"rendered":"https:\/\/www.newsrecorder.ro\/app\/2026\/03\/12\/zelenski-vine-la-bucuresti-securitate-reconstructie-si-minoritati\/"},"modified":"2026-03-12T08:21:22","modified_gmt":"2026-03-12T08:21:22","slug":"zelenski-vine-la-bucuresti-securitate-reconstructie-si-minoritati","status":"publish","type":"post","link":"https:\/\/www.newsrecorder.ro\/app\/2026\/03\/12\/zelenski-vine-la-bucuresti-securitate-reconstructie-si-minoritati\/","title":{"rendered":"Zelenski vine la Bucure\u0219ti: Securitate, reconstruc\u021bie \u0219i minorit\u0103\u021bi!"},"content":{"rendered":"<p><strong>UPDATE:<\/strong><\/p>\n<p>Pre\u0219edintele Ucrainei, Volodimir Zelenski, va fi primit la Palatul Cotroceni \u00een cadrul unei vizite oficiale \u00een Rom\u00e2nia, programat\u0103 pentru ora 13:30.<\/p>\n<p>Agenda \u00eent\u00e2lnirii include:<\/p>\n<ul>\n<li>Ceremonia de primire oficial\u0103<\/li>\n<li>Fotografie oficial\u0103<\/li>\n<li>Convorbiri t\u00eate-\u00e0-t\u00eate<\/li>\n<li>Convorbiri oficiale<\/li>\n<li>Declara\u021bii comune de pres\u0103<\/li>\n<\/ul>\n<p>Potrivit informa\u021biilor furnizate de partea rom\u00e2n\u0103, discu\u021biile dintre cei doi lideri vor aborda teme menite s\u0103 \u00eent\u0103reasc\u0103 rela\u021biile bilaterale, orientate spre un viitor constructiv. Aceste discu\u021bii se vor concentra pe dezvoltarea dialogului politic \u0219i pe intensificarea cooper\u0103rii economice.<\/p>\n<p>De asemenea, se va discuta despre colaborarea \u00een domenii precum energia \u0219i industriile de ap\u0103rare, dezvoltarea conectivit\u0103\u021bii \u0219i a proiectelor transfrontaliere, precum \u0219i despre rolul Rom\u00e2niei \u00een procesul de reconstruc\u021bie a Ucrainei, conform comunicatului emis de Cotroceni.<\/p>\n<p>Administra\u021bia Preziden\u021bial\u0103 a men\u021bionat c\u0103 pre\u0219edintele rom\u00e2n, Nicu\u0219or Dan, va purta \u0219i un \u201eschimb de opinii\u201d cu Zelenski pe teme actuale, inclusiv procesul de extindere a Uniunii Europene, rela\u021bia transatlantic\u0103, situa\u021bia de securitate \u00een regiunea M\u0103rii Negre \u0219i ultimele evolu\u021bii la nivel regional \u0219i global.<\/p>\n<p>\u201eDe asemenea, Pre\u0219edintele Rom\u00e2niei va sublinia importan\u021ba avans\u0103rii dialogului bilateral \u00een ceea ce prive\u0219te respectarea drepturilor persoanelor apar\u021bin\u00e2nd minorit\u0103\u021bii rom\u00e2ne din Ucraina, inclusiv dreptul la educa\u021bie \u00een limba matern\u0103\u201d, a mai precizat Cotroceniul.<\/p>\n<p>\u00cent\u00e2lniri suplimentare sunt programate, iar pre\u0219edintele ucrainean se va \u00eent\u00e2lni \u0219i cu premierul Ilie Bolojan. Guvernul Rom\u00e2niei a declarat c\u0103 pe agenda discu\u021biilor se vor reg\u0103si teme legate de cooperarea bilateral\u0103, dar \u0219i aspecte europene.<\/p>\n<p>Vizita lui Zelenski \u00een Rom\u00e2nia are loc la o zi dup\u0103 ce Consiliul Suprem de Ap\u0103rare a \u021a\u0103rii (CSAT) a aprobat cererea Statelor Unite de a trimite trupe suplimentare, avioane de realimentare \u0219i echipamente de monitorizare \u00een Rom\u00e2nia. Nicu\u0219or Dan a asigurat c\u0103 aceste echipamente sunt de natur\u0103 defensiv\u0103 \u0219i c\u0103 rom\u00e2nii nu au motive de \u00eengrijorare.<\/p>\n<p>Aceast\u0103 vizit\u0103 are o semnifica\u021bie deosebit\u0103, av\u00e2nd loc \u00eentr-un moment \u00een care r\u0103zboiul din Ucraina se apropie de pragul de 1.500 de zile, o etap\u0103 ce va fi atins\u0103 la \u00eenceputul lunii aprilie.<\/p>\n","protected":false},"excerpt":{"rendered":"<p>UPDATE: Pre\u0219edintele Ucrainei, Volodimir Zelenski, va fi primit la Palatul Cotroceni \u00een cadrul unei vizite oficiale \u00een Rom\u00e2nia, programat\u0103 pentru ora 13:30. Agenda \u00eent\u00e2lnirii include: Ceremonia de primire oficial\u0103 Fotografie oficial\u0103 Convorbiri t\u00eate-\u00e0-t\u00eate Convorbiri oficiale Declara\u021bii comune de pres\u0103 Potrivit informa\u021biilor furnizate de partea rom\u00e2n\u0103, discu\u021biile dintre cei doi lideri vor aborda teme menite s\u0103 [&hellip;]<\/p>\n","protected":false},"author":2,"featured_media":8017,"comment_status":"open","ping_status":"open","sticky":false,"template":"","format":"standard","meta":{"jnews-multi-image_gallery":[],"jnews_single_post":[],"jnews_primary_category":[],"jnews_override_counter":[],"footnotes":""},"categories":[42],"tags":[1322,191,10887,7454,10888,1324,10529,1087],"class_list":["post-8016","post","type-post","status-publish","format-standard","has-post-thumbnail","hentry","category-politica","tag-cooperare-economica","tag-energie","tag-industrii-de-aparare","tag-palatul-cotroceni","tag-proiecte-transfrontaliere","tag-relatii-bilaterale","tag-vizita-oficiala","tag-volodimir-zelenski"],"_links":{"self":[{"href":"https:\/\/www.newsrecorder.ro\/app\/wp-json\/wp\/v2\/posts\/8016","targetHints":{"allow":["GET"]}}],"collection":[{"href":"https:\/\/www.newsrecorder.ro\/app\/wp-json\/wp\/v2\/posts"}],"about":[{"href":"https:\/\/www.newsrecorder.ro\/app\/wp-json\/wp\/v2\/types\/post"}],"author":[{"embeddable":true,"href":"https:\/\/www.newsrecorder.ro\/app\/wp-json\/wp\/v2\/users\/2"}],"replies":[{"embeddable":true,"href":"https:\/\/www.newsrecorder.ro\/app\/wp-json\/wp\/v2\/comments?post=8016"}],"version-history":[{"count":0,"href":"https:\/\/www.newsrecorder.ro\/app\/wp-json\/wp\/v2\/posts\/8016\/revisions"}],"wp:featuredmedia":[{"embeddable":true,"href":"https:\/\/www.newsrecorder.ro\/app\/wp-json\/wp\/v2\/media\/8017"}],"wp:attachment":[{"href":"https:\/\/www.newsrecorder.ro\/app\/wp-json\/wp\/v2\/media?parent=8016"}],"wp:term":[{"taxonomy":"category","embeddable":true,"href":"https:\/\/www.newsrecorder.ro\/app\/wp-json\/wp\/v2\/categories?post=8016"},{"taxonomy":"post_tag","embeddable":true,"href":"https:\/\/www.newsrecorder.ro\/app\/wp-json\/wp\/v2\/tags?post=8016"}],"curies":[{"name":"wp","href":"https:\/\/api.w.org\/{rel}","templated":true}]}}