{"id":8040,"date":"2026-03-12T12:05:07","date_gmt":"2026-03-12T12:05:07","guid":{"rendered":"https:\/\/www.newsrecorder.ro\/app\/2026\/03\/12\/viktor-orban-acuza-ucrainenii-mi-au-amenintat-familia\/"},"modified":"2026-03-12T12:05:07","modified_gmt":"2026-03-12T12:05:07","slug":"viktor-orban-acuza-ucrainenii-mi-au-amenintat-familia","status":"publish","type":"post","link":"https:\/\/www.newsrecorder.ro\/app\/2026\/03\/12\/viktor-orban-acuza-ucrainenii-mi-au-amenintat-familia\/","title":{"rendered":"Viktor Orban acuz\u0103: Ucrainenii mi-au amenin\u021bat familia!"},"content":{"rendered":"<p>Viktor Orban \u0219i sus\u021bin\u0103torii s\u0103i par s\u0103 exploateze actuala disput\u0103 pentru a-\u0219i maximiza avantajul politic \u00eenainte de alegerile programate pentru luna viitoare, eveniment care ar putea marca sf\u00e2r\u0219itul celor 16 ani de guvernare na\u021bionalist\u0103 pe care o conduce, conform informa\u021biilor furnizate de <a href=\"https:\/\/www.theguardian.com\/world\/2026\/mar\/12\/orban-ukraine-claims-hungary-election\" target=\"_blank\" rel=\"noopener\">The Guardian<\/a>.<\/p>\n<p>\u00centr-o \u00eenregistrare video publicat\u0103 miercuri sear\u0103, Orban pretinde c\u0103 discut\u0103 la telefon cu fiicele sale, exprim\u00e2ndu-\u0219i \u00eengrijorarea. \u201eSunt sigur c\u0103 ve\u021bi auzi la \u0219tiri c\u0103 ucrainenii m-au amenin\u021bat nu doar pe mine, ci \u0219i pe voi\u201d, a declarat el, vizibil emo\u021bionat. \u201eCopiii mei \u0219i nepo\u021bii mei&#8230; Trebuie s\u0103 lu\u0103m aceast\u0103 situa\u021bie \u00een serios, dar nu trebuie s\u0103 ne fie fric\u0103.\u201d<\/p>\n<p>Reac\u021bia lui Orban pare s\u0103 fie un r\u0103spuns la declara\u021biile lui Hrihoriy Omelchenko, un politician pensionar care a activat \u00een serviciul de securitate SBU al Ucrainei \u00een anii &#8217;90. Acesta l-a amenin\u021bat pe Orban \u00eentr-un interviu televizat recent, suger\u00e2nd c\u0103 for\u021bele de ordine ucrainene ar putea s\u0103-l v\u00e2neze pe liderul maghiar dac\u0103 nu \u00ee\u0219i va schimba <a href=\"https:\/\/www.mediafax.ro\/externe\/razboiul-din-ucraina-ziua-1333-zelenski-dupa-intalnirea-cu-trump-incetarea-focului-trebuie-sa-fie-primul-pas-23627990\" target=\"_blank\" rel=\"noopener\">pozi\u021bia anti-ucrainean\u0103<\/a>.<\/p>\n<p>Aceast\u0103 tensiune a fost amplificat\u0103 \u0219i de amenin\u021b\u0103rile anterioare ale pre\u0219edintelui ucrainean Volodimir Zelenski, care a afirmat c\u0103 \u201eva da adresa acestei persoane for\u021belor noastre armate\u201d, referindu-se la Orban. Comentariile sale au generat reac\u021bii din partea alia\u021bilor europeni, care l-au \u00eendemnat pe Zelenski s\u0103-\u0219i modereze retorica.<\/p>\n<p>Rela\u021biile dintre Viktor Orban \u0219i Kiev au fost dintotdeauna complicate, Orban fiind considerat cel mai pro-rus lider din Uniunea European\u0103. Cu toate acestea, \u00een contextul \u00een care sondajele de opinie \u00eel indic\u0103 pe Orban cu p\u00e2n\u0103 la 20 de puncte \u00een spatele contracandidatului s\u0103u, P\u00e9ter Magyar, campania anti-Ucraina din Ungaria a prins av\u00e2nt.<\/p>\n<p>Declan\u0219atorul ultimei escalad\u0103ri a tensiunilor a fost declara\u021bia Ucrainei care anun\u021ba c\u0103 repara\u021bia unei conducte de petrol ce transporta petrol rusesc \u00een Ungaria, avariat\u0103 \u00een urma unui atac cu drone ruse\u0219ti, va dura c\u00e2teva s\u0103pt\u0103m\u00e2ni.<\/p>\n","protected":false},"excerpt":{"rendered":"<p>Viktor Orban \u0219i sus\u021bin\u0103torii s\u0103i par s\u0103 exploateze actuala disput\u0103 pentru a-\u0219i maximiza avantajul politic \u00eenainte de alegerile programate pentru luna viitoare, eveniment care ar putea marca sf\u00e2r\u0219itul celor 16 ani de guvernare na\u021bionalist\u0103 pe care o conduce, conform informa\u021biilor furnizate de The Guardian. \u00centr-o \u00eenregistrare video publicat\u0103 miercuri sear\u0103, Orban pretinde c\u0103 discut\u0103 la [&hellip;]<\/p>\n","protected":false},"author":2,"featured_media":8041,"comment_status":"open","ping_status":"open","sticky":false,"template":"","format":"standard","meta":{"jnews-multi-image_gallery":[],"jnews_single_post":[],"jnews_primary_category":[],"jnews_override_counter":[],"footnotes":""},"categories":[41],"tags":[1042,414,10920,10919,10918,269,874,682],"class_list":["post-8040","post","type-post","status-publish","format-standard","has-post-thumbnail","hentry","category-externe","tag-alegeri","tag-amenintari","tag-hrihoriy-omelchenko","tag-nationalism","tag-orban","tag-politica","tag-securitate","tag-ucraina"],"_links":{"self":[{"href":"https:\/\/www.newsrecorder.ro\/app\/wp-json\/wp\/v2\/posts\/8040","targetHints":{"allow":["GET"]}}],"collection":[{"href":"https:\/\/www.newsrecorder.ro\/app\/wp-json\/wp\/v2\/posts"}],"about":[{"href":"https:\/\/www.newsrecorder.ro\/app\/wp-json\/wp\/v2\/types\/post"}],"author":[{"embeddable":true,"href":"https:\/\/www.newsrecorder.ro\/app\/wp-json\/wp\/v2\/users\/2"}],"replies":[{"embeddable":true,"href":"https:\/\/www.newsrecorder.ro\/app\/wp-json\/wp\/v2\/comments?post=8040"}],"version-history":[{"count":0,"href":"https:\/\/www.newsrecorder.ro\/app\/wp-json\/wp\/v2\/posts\/8040\/revisions"}],"wp:featuredmedia":[{"embeddable":true,"href":"https:\/\/www.newsrecorder.ro\/app\/wp-json\/wp\/v2\/media\/8041"}],"wp:attachment":[{"href":"https:\/\/www.newsrecorder.ro\/app\/wp-json\/wp\/v2\/media?parent=8040"}],"wp:term":[{"taxonomy":"category","embeddable":true,"href":"https:\/\/www.newsrecorder.ro\/app\/wp-json\/wp\/v2\/categories?post=8040"},{"taxonomy":"post_tag","embeddable":true,"href":"https:\/\/www.newsrecorder.ro\/app\/wp-json\/wp\/v2\/tags?post=8040"}],"curies":[{"name":"wp","href":"https:\/\/api.w.org\/{rel}","templated":true}]}}