{"id":8056,"date":"2026-03-12T13:49:06","date_gmt":"2026-03-12T13:49:06","guid":{"rendered":"https:\/\/www.newsrecorder.ro\/app\/2026\/03\/12\/viktor-orban-ii-da-o-lectie-lui-nicu-stefanunta-despre-romania\/"},"modified":"2026-03-12T13:49:06","modified_gmt":"2026-03-12T13:49:06","slug":"viktor-orban-ii-da-o-lectie-lui-nicu-stefanunta-despre-romania","status":"publish","type":"post","link":"https:\/\/www.newsrecorder.ro\/app\/2026\/03\/12\/viktor-orban-ii-da-o-lectie-lui-nicu-stefanunta-despre-romania\/","title":{"rendered":"Viktor Orban \u00eei d\u0103 o lec\u021bie lui Nicu \u0218tef\u0103nun\u021b\u0103 despre Rom\u00e2nia!"},"content":{"rendered":"<p>Vicepre\u0219edintele Nicu \u0218tef\u0103nu\u021b\u0103, recent, \u00een cadrul unei sesiuni a Parlamentului European, a avut curajul de a le oferi lec\u021bii maghiarilor, \u00eendemn\u00e2ndu-i s\u0103 voteze \u00eempotriva Rom\u00e2niei. Aceast\u0103 atitudine ridic\u0103 \u00eentreb\u0103ri despre contextul \u00een care ne afl\u0103m.<\/p>\n<p>\u00cenainte de a face asemenea declara\u021bii, ar fi bine s\u0103 privim \u00een jurul nostru, pe \u00eentreg continentul european, care se confrunt\u0103 cu m\u0103suri de austeritate, concedieri masive \u0219i \u00eenchideri de fabrici. \u00cen acest peisaj economic dificil, Ungaria iese \u00een eviden\u021b\u0103 prin politicile sale active \u0219i m\u0103surile de sprijin pentru cet\u0103\u021beni.<\/p>\n<p>\u00cen <strong><a style=\"color: #ff0000\" href=\"https:\/\/www.mediafax.ro\/stirile-zilei\/viktor-orban-limiteaza-din-aceasta-noapte-preturile-la-carburanti-care-este-tariful-cine-poate-face-plinul-la-pret-protejat-anuntul-liderului-de-la-budapesta-23699828\">Ungaria<\/a><\/strong>, guvernul a reu\u0219it s\u0103 asigure oportunit\u0103\u021bi de munc\u0103 pentru to\u021bi doritorii, a implementat scutirea de impozitul pe venit pe via\u021b\u0103 pentru mamele cu doi sau mai mul\u021bi copii, a majorat salariul minim cu 11% \u0219i a introdus un credit ipotecar cu dob\u00e2nd\u0103 fix\u0103 de 3% pentru tineri, extinz\u00e2nd \u00een acela\u0219i timp sprijinul familial. Aceste realiz\u0103ri sunt posibile datorit\u0103 faptului c\u0103 Ungaria \u00ee\u0219i p\u0103streaz\u0103 resursele financiare \u00een interiorul \u021b\u0103rii, \u00een loc s\u0103 le direc\u021bioneze c\u0103tre alte state, cum ar fi Ucraina.<\/p>\n<p>Acesta este contrastul dintre politica bruxellez\u0103 \u0219i priorit\u0103\u021bile maghiare: punem cet\u0103\u021benii no\u0219tri pe primul loc!<\/p>\n<p>\u00cen semn de bun\u0103voin\u021b\u0103, Viktor Orban a subliniat c\u0103 s-a ab\u021binut de la a comenta despre starea economiei rom\u00e2ne\u0219ti, un gest care sugereaz\u0103 o dorin\u021b\u0103 de a evita escaladarea tensiunilor \u00eentre cele dou\u0103 \u021b\u0103ri. <strong><a style=\"color: #ff0000\" href=\"https:\/\/x.com\/PM_ViktorOrban\/status\/2031999349505294836?s=20\">Acesta este mesajul transmis de Orban \u00een aceast\u0103 diminea\u021b\u0103<\/a><\/strong>.<\/p>\n","protected":false},"excerpt":{"rendered":"<p>Vicepre\u0219edintele Nicu \u0218tef\u0103nu\u021b\u0103, recent, \u00een cadrul unei sesiuni a Parlamentului European, a avut curajul de a le oferi lec\u021bii maghiarilor, \u00eendemn\u00e2ndu-i s\u0103 voteze \u00eempotriva Rom\u00e2niei. Aceast\u0103 atitudine ridic\u0103 \u00eentreb\u0103ri despre contextul \u00een care ne afl\u0103m. \u00cenainte de a face asemenea declara\u021bii, ar fi bine s\u0103 privim \u00een jurul nostru, pe \u00eentreg continentul european, care se [&hellip;]<\/p>\n","protected":false},"author":4,"featured_media":8057,"comment_status":"open","ping_status":"open","sticky":false,"template":"","format":"standard","meta":{"jnews-multi-image_gallery":[],"jnews_single_post":[],"jnews_primary_category":[],"jnews_override_counter":[],"footnotes":""},"categories":[40],"tags":[1690,10940,10941,634,10943,5924,10942,1924],"class_list":["post-8056","post","type-post","status-publish","format-standard","has-post-thumbnail","hentry","category-econonie","tag-masuri-de-austeritate","tag-nicu-stefanuta","tag-oportunitati-de-munca","tag-parlamentul-european","tag-politici-active","tag-salariul-minim","tag-sprijin-pentru-cetateni","tag-ungaria"],"_links":{"self":[{"href":"https:\/\/www.newsrecorder.ro\/app\/wp-json\/wp\/v2\/posts\/8056","targetHints":{"allow":["GET"]}}],"collection":[{"href":"https:\/\/www.newsrecorder.ro\/app\/wp-json\/wp\/v2\/posts"}],"about":[{"href":"https:\/\/www.newsrecorder.ro\/app\/wp-json\/wp\/v2\/types\/post"}],"author":[{"embeddable":true,"href":"https:\/\/www.newsrecorder.ro\/app\/wp-json\/wp\/v2\/users\/4"}],"replies":[{"embeddable":true,"href":"https:\/\/www.newsrecorder.ro\/app\/wp-json\/wp\/v2\/comments?post=8056"}],"version-history":[{"count":0,"href":"https:\/\/www.newsrecorder.ro\/app\/wp-json\/wp\/v2\/posts\/8056\/revisions"}],"wp:featuredmedia":[{"embeddable":true,"href":"https:\/\/www.newsrecorder.ro\/app\/wp-json\/wp\/v2\/media\/8057"}],"wp:attachment":[{"href":"https:\/\/www.newsrecorder.ro\/app\/wp-json\/wp\/v2\/media?parent=8056"}],"wp:term":[{"taxonomy":"category","embeddable":true,"href":"https:\/\/www.newsrecorder.ro\/app\/wp-json\/wp\/v2\/categories?post=8056"},{"taxonomy":"post_tag","embeddable":true,"href":"https:\/\/www.newsrecorder.ro\/app\/wp-json\/wp\/v2\/tags?post=8056"}],"curies":[{"name":"wp","href":"https:\/\/api.w.org\/{rel}","templated":true}]}}