{"id":8080,"date":"2026-03-12T14:41:39","date_gmt":"2026-03-12T14:41:39","guid":{"rendered":"https:\/\/www.newsrecorder.ro\/app\/2026\/03\/12\/spania-spune-nu-lui-trump-bugetul-apararii-trebuie-sa-se-dubleze\/"},"modified":"2026-03-12T14:41:39","modified_gmt":"2026-03-12T14:41:39","slug":"spania-spune-nu-lui-trump-bugetul-apararii-trebuie-sa-se-dubleze","status":"publish","type":"post","link":"https:\/\/www.newsrecorder.ro\/app\/2026\/03\/12\/spania-spune-nu-lui-trump-bugetul-apararii-trebuie-sa-se-dubleze\/","title":{"rendered":"Spania spune \u201enu\u201d lui Trump: bugetul ap\u0103r\u0103rii trebuie s\u0103 se dubleze!"},"content":{"rendered":"<p style=\"text-align: left\">Guvernul spaniol a declarat c\u0103 este capabil s\u0103 \u00ee\u0219i onoreze angajamentele fa\u021b\u0103 de NATO cu o alocare de aproximativ 2\u20132,1% din PIB. Cu toate acestea, oficialii avertizeaz\u0103 c\u0103 o cre\u0219tere semnificativ\u0103 a bugetului pentru ap\u0103rare ar putea exercita presiuni asupra finan\u021belor publice \u0219i asupra cheltuielilor sociale.<\/p>\n<p style=\"text-align: left\">Recent, tensiunile dintre Spania \u0219i Statele Unite s-au amplificat dup\u0103 ce Madrid a refuzat s\u0103 permit\u0103 utilizarea bazelor sale militare de la Rota \u0219i Mor\u00f3n pentru posibile atacuri \u00eempotriva Iranului. Aceast\u0103 decizie a atras critici severe din partea pre\u0219edintelui american, care a intensificat presiunile asupra guvernului spaniol.<\/p>\n<p style=\"text-align: left\">Conform informa\u021biilor publicate de <a href=\"https:\/\/efe.com\/espana\/2026-03-12\/otan-40-anos-referendum-espana-punto-mira-gasto-defensa\/\" target=\"_blank\" rel=\"noopener\">EFE<\/a>, aceast\u0103 disput\u0103 are loc \u00eentr-un moment simbolic, la exact 40 de ani de la referendumul care a decis continuarea apartenen\u021bei Spaniei la NATO, o tem\u0103 care a divizat societatea \u0219i care revine acum \u00een centrul aten\u021biei.<\/p>\n<p style=\"text-align: left\">Pre\u0219edintele american Donald Trump a criticat vehement pozi\u021bia Madridului, numind Spania un \u201epartener teribil\u201d \u00een cadrul Alian\u021bei. El a sus\u021binut c\u0103 Spania \u201enu joac\u0103 \u00een echip\u0103\u201d \u0219i a amenin\u021bat cu posibile m\u0103suri comerciale \u00eempotriva \u021b\u0103rii dac\u0103 nu \u00ee\u0219i va cre\u0219te cheltuielile pentru ap\u0103rare. Trump a ad\u0103ugat c\u0103, \u00een opinia sa, Spania \u201enu are nimic de oferit Statelor Unite, cu excep\u021bia oamenilor minuna\u021bi\u201d \u0219i a subliniat c\u0103 \u021bara \u201educe lips\u0103 de o conducere puternic\u0103\u201d.<\/p>\n<p style=\"text-align: left\">\u00cen fa\u021ba acestor presiuni, guvernul spaniol condus de Pedro S\u00e1nchez a respins criticile americane, afirm\u00e2nd c\u0103 contribu\u021bia Spaniei la NATO nu poate fi evaluat\u0103 exclusiv prin prisma cheltuielilor militare. Madridul a eviden\u021biat participarea sa la misiuni interna\u021bionale, capacit\u0103\u021bile militare \u0219i rolul strategic al bazelor de la Rota \u0219i Mor\u00f3n.<\/p>\n<p style=\"text-align: left\">Secretarul general al NATO, Mark Rutte, a comentat c\u0103 pragul de 2% din PIB alocat ap\u0103r\u0103rii, pe care Spania ar urma s\u0103-l ating\u0103 abia \u00een 2025, ar putea fi insuficient pentru a r\u0103spunde amenin\u021b\u0103rilor actuale. Pentru a ajunge la nivelul de 5% din PIB solicitat de alia\u021bi, bugetul militar al Spaniei ar trebui s\u0103 se dubleze, conform estim\u0103rilor. Totu\u0219i, guvernul de la Madrid consider\u0103 c\u0103 o astfel de \u021bint\u0103 ar fi \u201edispropor\u021bionat\u0103\u201d \u0219i ar pune o presiune considerabil\u0103 asupra finan\u021belor publice.<\/p>\n<p style=\"text-align: left\">Datele furnizate de NATO arat\u0103 o cre\u0219tere semnificativ\u0103 a bugetului ap\u0103r\u0103rii Spaniei \u00een ultimii ani. Dac\u0103 \u00een 2018 cheltuielile reprezentau aproximativ 0,92% din PIB, \u00een 2025 acestea sunt estimate la circa 2% din PIB, echivalentul a aproximativ 33 de miliarde de euro.<\/p>\n<p style=\"text-align: left\">\u00cen aceast\u0103 context, majoritatea cet\u0103\u021benilor spanioli \u00ee\u0219i sus\u021bin guvernul, consider\u00e2nd c\u0103 \u021bara nu ar trebui s\u0103 accepte cererea Washingtonului de a aloca 5% din PIB pentru ap\u0103rare. Cheltuielile pentru ap\u0103rare au crescut cu 196% din 2018, ajung\u00e2nd la aproape 34 de miliarde de euro, iar acest efort plaseaz\u0103 Spania pe locul patru \u00een r\u00e2ndul statelor NATO care \u0219i-au majorat cel mai rapid bugetul ap\u0103r\u0103rii.<\/p>\n","protected":false},"excerpt":{"rendered":"<p>Guvernul spaniol a declarat c\u0103 este capabil s\u0103 \u00ee\u0219i onoreze angajamentele fa\u021b\u0103 de NATO cu o alocare de aproximativ 2\u20132,1% din PIB. Cu toate acestea, oficialii avertizeaz\u0103 c\u0103 o cre\u0219tere semnificativ\u0103 a bugetului pentru ap\u0103rare ar putea exercita presiuni asupra finan\u021belor publice \u0219i asupra cheltuielilor sociale. Recent, tensiunile dintre Spania \u0219i Statele Unite s-au amplificat [&hellip;]<\/p>\n","protected":false},"author":2,"featured_media":8081,"comment_status":"open","ping_status":"open","sticky":false,"template":"","format":"standard","meta":{"jnews-multi-image_gallery":[],"jnews_single_post":[],"jnews_primary_category":[],"jnews_override_counter":[],"footnotes":""},"categories":[39],"tags":[409,9377,1068,913,352,10980,703,1357],"class_list":["post-8080","post","type-post","status-publish","format-standard","has-post-thumbnail","hentry","category-stirile-zilei","tag-aparare","tag-baze-militare","tag-buget","tag-iran","tag-nato","tag-referendumul","tag-spania","tag-tensiuni"],"_links":{"self":[{"href":"https:\/\/www.newsrecorder.ro\/app\/wp-json\/wp\/v2\/posts\/8080","targetHints":{"allow":["GET"]}}],"collection":[{"href":"https:\/\/www.newsrecorder.ro\/app\/wp-json\/wp\/v2\/posts"}],"about":[{"href":"https:\/\/www.newsrecorder.ro\/app\/wp-json\/wp\/v2\/types\/post"}],"author":[{"embeddable":true,"href":"https:\/\/www.newsrecorder.ro\/app\/wp-json\/wp\/v2\/users\/2"}],"replies":[{"embeddable":true,"href":"https:\/\/www.newsrecorder.ro\/app\/wp-json\/wp\/v2\/comments?post=8080"}],"version-history":[{"count":0,"href":"https:\/\/www.newsrecorder.ro\/app\/wp-json\/wp\/v2\/posts\/8080\/revisions"}],"wp:featuredmedia":[{"embeddable":true,"href":"https:\/\/www.newsrecorder.ro\/app\/wp-json\/wp\/v2\/media\/8081"}],"wp:attachment":[{"href":"https:\/\/www.newsrecorder.ro\/app\/wp-json\/wp\/v2\/media?parent=8080"}],"wp:term":[{"taxonomy":"category","embeddable":true,"href":"https:\/\/www.newsrecorder.ro\/app\/wp-json\/wp\/v2\/categories?post=8080"},{"taxonomy":"post_tag","embeddable":true,"href":"https:\/\/www.newsrecorder.ro\/app\/wp-json\/wp\/v2\/tags?post=8080"}],"curies":[{"name":"wp","href":"https:\/\/api.w.org\/{rel}","templated":true}]}}