{"id":8084,"date":"2026-03-12T20:28:17","date_gmt":"2026-03-12T20:28:17","guid":{"rendered":"https:\/\/www.newsrecorder.ro\/app\/2026\/03\/12\/infantino-trump-garanteaza-ca-iranul-poate-participa-la-cupa-mondiala-in-sua\/"},"modified":"2026-03-12T20:28:17","modified_gmt":"2026-03-12T20:28:17","slug":"infantino-trump-garanteaza-ca-iranul-poate-participa-la-cupa-mondiala-in-sua","status":"publish","type":"post","link":"https:\/\/www.newsrecorder.ro\/app\/2026\/03\/12\/infantino-trump-garanteaza-ca-iranul-poate-participa-la-cupa-mondiala-in-sua\/","title":{"rendered":"Infantino: Trump garanteaz\u0103 c\u0103 Iranul poate participa la Cupa Mondial\u0103 \u00een SUA!"},"content":{"rendered":"<p>Iranul se preg\u0103te\u0219te pentru o serie de meciuri importante \u00een cadrul Cupei Mondiale FIFA 2026, programate s\u0103 aib\u0103 loc \u00een Statele Unite, Canada \u0219i Mexic \u00eentre 11 iunie \u0219i 19 iulie. Echipa iranian\u0103 va debuta pe 15 iunie la Inglewood, California, \u00eempotriva Noii Zeelande, urmat\u0103 de un meci cu Belgia pe 21 iunie. Faza grupelor se va \u00eencheia pentru Iran pe 26 iunie, c\u00e2nd va \u00eenfrunta Egiptul la Seattle. Cu toate acestea, oficialii iranieni au exprimat \u00eengrijor\u0103ri recente cu privire la participarea \u021b\u0103rii lor, invoc\u00e2nd efectele r\u0103zboiului, conform unui raport al <a href=\"https:\/\/apnews.com\/article\/fifa-iran-world-cup-fa2ccd07962592815477619fce06a838\" target=\"_blank\" rel=\"noopener\">AP<\/a>.<\/p>\n<p>\u00centr-o declara\u021bie surprinz\u0103toare, pre\u0219edintele american Donald Trump a afirmat s\u0103pt\u0103m\u00e2na trecut\u0103: \u201eChiar nu-mi pas\u0103\u201d dac\u0103 Iranul va lua parte la turneu, unde se vor afla 48 de echipe na\u021bionale.<\/p>\n<p>Pre\u0219edintele FIFA, Gianni Infantino, a avut o \u00eent\u00e2lnire cu Trump mar\u021bi seara, discu\u021biile ax\u00e2ndu-se pe stadiul preg\u0103tirilor pentru turneu. Infantino a ob\u021binut asigur\u0103ri c\u0103 echipa iranian\u0103 va fi primit\u0103 \u00een SUA. \u201eAm discutat despre situa\u021bia actual\u0103 din Iran \u0219i despre calificarea echipei iraniene pentru <a href=\"https:\/\/www.mediafax.ro\/externe\/posibil-boicot-al-iranului-la-cupa-mondiala-2026-donald-trump-nu-mi-pasa-deloc-23696834\" target=\"_blank\" rel=\"noopener\">Cupa Mondial\u0103 FIFA 2026<\/a>\u201d, a scris Infantino pe Instagram. \u201ePre\u0219edintele Trump a reiterat c\u0103 echipa iranian\u0103 este, desigur, binevenit\u0103 s\u0103 concureze la turneul din Statele Unite.\u201d<\/p>\n<p>Infantino \u0219i Trump au o rela\u021bie str\u00e2ns\u0103, iar pre\u0219edintele american a fost distins cu premiul inaugural pentru pace al FIFA \u2013 un trofeu care, conform unor opinii, a fost creat special pentru el.<\/p>\n<p>Este important de men\u021bionat c\u0103 fanii iranieni au fost deja afecta\u021bi de o interdic\u021bie de c\u0103l\u0103torie impus\u0103 de administra\u021bia Trump, care a restric\u021bionat accesul lor \u00een SUA. \u201eCu to\u021bii avem nevoie ca un eveniment precum Cupa Mondial\u0103 FIFA s\u0103 aduc\u0103 oamenii \u00eempreun\u0103 acum mai mult ca niciodat\u0103\u201d, a declarat Infantino, mul\u021bumindu-i lui Trump \u201epentru sprijinul s\u0103u\u201d.<\/p>\n<p>Dac\u0103 SUA ar decide s\u0103 nu permit\u0103 echipei Iranului s\u0103 participe, \u0219i-ar putea pune \u00een pericol statutul de gazd\u0103 al Cupei Mondiale. Aceast\u0103 situa\u021bie s-a mai \u00eent\u00e2mplat \u00een trecut, c\u00e2nd Indonezia a fost exclus\u0103 de FIFA pentru c\u0103 a refuzat s\u0103 primeasc\u0103 Israelul la Campionatul Mondial masculin sub 20 de ani. \u00cen urma acestei decizii, FIFA a mutat turneul \u00een Argentina cu c\u00e2teva s\u0103pt\u0103m\u00e2ni \u00eenainte de \u00eenceperea meciurilor.<\/p>\n","protected":false},"excerpt":{"rendered":"<p>Iranul se preg\u0103te\u0219te pentru o serie de meciuri importante \u00een cadrul Cupei Mondiale FIFA 2026, programate s\u0103 aib\u0103 loc \u00een Statele Unite, Canada \u0219i Mexic \u00eentre 11 iunie \u0219i 19 iulie. Echipa iranian\u0103 va debuta pe 15 iunie la Inglewood, California, \u00eempotriva Noii Zeelande, urmat\u0103 de un meci cu Belgia pe 21 iunie. Faza grupelor [&hellip;]<\/p>\n","protected":false},"author":6,"featured_media":8085,"comment_status":"open","ping_status":"open","sticky":false,"template":"","format":"standard","meta":{"jnews-multi-image_gallery":[],"jnews_single_post":[],"jnews_primary_category":[],"jnews_override_counter":[],"footnotes":""},"categories":[46],"tags":[755,2555,10668,10983,10982,7841,913,331],"class_list":["post-8084","post","type-post","status-publish","format-standard","has-post-thumbnail","hentry","category-sport","tag-belgia","tag-cupa-mondiala","tag-echipa-iraniana","tag-efectele-razboiului","tag-fifa-2026","tag-gianni-infantino","tag-iran","tag-meciuri"],"_links":{"self":[{"href":"https:\/\/www.newsrecorder.ro\/app\/wp-json\/wp\/v2\/posts\/8084","targetHints":{"allow":["GET"]}}],"collection":[{"href":"https:\/\/www.newsrecorder.ro\/app\/wp-json\/wp\/v2\/posts"}],"about":[{"href":"https:\/\/www.newsrecorder.ro\/app\/wp-json\/wp\/v2\/types\/post"}],"author":[{"embeddable":true,"href":"https:\/\/www.newsrecorder.ro\/app\/wp-json\/wp\/v2\/users\/6"}],"replies":[{"embeddable":true,"href":"https:\/\/www.newsrecorder.ro\/app\/wp-json\/wp\/v2\/comments?post=8084"}],"version-history":[{"count":0,"href":"https:\/\/www.newsrecorder.ro\/app\/wp-json\/wp\/v2\/posts\/8084\/revisions"}],"wp:featuredmedia":[{"embeddable":true,"href":"https:\/\/www.newsrecorder.ro\/app\/wp-json\/wp\/v2\/media\/8085"}],"wp:attachment":[{"href":"https:\/\/www.newsrecorder.ro\/app\/wp-json\/wp\/v2\/media?parent=8084"}],"wp:term":[{"taxonomy":"category","embeddable":true,"href":"https:\/\/www.newsrecorder.ro\/app\/wp-json\/wp\/v2\/categories?post=8084"},{"taxonomy":"post_tag","embeddable":true,"href":"https:\/\/www.newsrecorder.ro\/app\/wp-json\/wp\/v2\/tags?post=8084"}],"curies":[{"name":"wp","href":"https:\/\/api.w.org\/{rel}","templated":true}]}}