{"id":809,"date":"2026-01-29T02:43:43","date_gmt":"2026-01-29T02:43:43","guid":{"rendered":"https:\/\/www.newsrecorder.ro\/app\/2026\/01\/29\/februarie-o-luna-imprevizibila-cu-schimbari-termice-surprinzatoare\/"},"modified":"2026-01-29T02:43:43","modified_gmt":"2026-01-29T02:43:43","slug":"februarie-o-luna-imprevizibila-cu-schimbari-termice-surprinzatoare","status":"publish","type":"post","link":"https:\/\/www.newsrecorder.ro\/app\/2026\/01\/29\/februarie-o-luna-imprevizibila-cu-schimbari-termice-surprinzatoare\/","title":{"rendered":"Februarie: O lun\u0103 imprevizibil\u0103 cu schimb\u0103ri termice surprinz\u0103toare!"},"content":{"rendered":"<p>Administra\u021bia Na\u021bional\u0103 de Meteorologie (ANM) a realizat o prezentare detaliat\u0103 a vremii din luna februarie, publicat\u0103 pe re\u021belele sociale. Meteorologii rom\u00e2ni au subliniat c\u0103 aceast\u0103 lun\u0103 poate fi caracterizat\u0103 prin contraste termice semnificative, analiz\u00e2nd condi\u021biile meteorologice din februariile anterioare \u0219i fenomenele specifice acestui sezon.<\/p>\n<p>\u201e\u00cen ultimii ani, observ\u0103m o sc\u0103dere a frecven\u021bei viscolului \u0219i a ninsorilor, comparativ cu perioada premerg\u0103toare anului 2000\u201d, au explicat speciali\u0219tii. Totu\u0219i, au men\u021bionat c\u0103 \u00een februarie 2025, \u00eentre 16 \u0219i 19, s-a \u00eenregistrat un episod semnificativ de ninsori \u00een sudul \u021b\u0103rii, generat de un front sta\u021bionar rece. \u00cen special, \u00een Muntenia, stratul de z\u0103pad\u0103 a crescut constant, ating\u00e2nd chiar 48 de cm la sta\u021bia meteorologic\u0103 Bucure\u0219ti-Filaret.<\/p>\n<p>Exper\u021bii ANM au realizat prognoze referitoare la cele mai sc\u0103zute temperaturi din luna februarie a anului 2026. Aceasta va \u00eencepe cu o r\u0103cire accentuat\u0103 a vremii, cauzat\u0103 de o mas\u0103 de aer rece dinspre C\u00e2mpia Rus\u0103, ce va afecta estul, sudul \u0219i centrul Rom\u00e2niei. P\u00e2n\u0103 \u00een jurul datei de 4 februarie, se a\u0219teapt\u0103 condi\u021bii deosebit de reci, cu temperaturi maxime negative, iar dimine\u021bile \u0219i nop\u021bile vor fi geroase, cu minime predominant sub -10 grade. Cele mai sc\u0103zute temperaturi se vor \u00eenregistra \u00een Moldova \u0219i \u00een depresiunile estice ale Transilvaniei.<\/p>\n<p>Dup\u0103 aceast\u0103 perioad\u0103 rece, meteorologii anticipeaz\u0103 o schimbare a circula\u021biei atmosferice c\u0103tre un sector vestic \u0219i apoi sud-vestic, aduc\u00e2nd aer mai cald \u0219i o cre\u0219tere a temperaturilor, care ar putea atinge sau dep\u0103\u0219i valorile normale, \u00een special \u00een regiunile vestice ale \u021b\u0103rii.<\/p>\n<p>\u00cen ceea ce prive\u0219te fenomenele extreme, ANM a avertizat c\u0103 luna februarie poate aduce temperaturi extrem de sc\u0103zute, v\u00e2nturi puternice \u0219i precipita\u021bii. De\u0219i estim\u0103rile meteorologice mediate s\u0103pt\u0103m\u00e2nal pentru perioada 09-23 februarie 2026 sugereaz\u0103 valori mai ridicate dec\u00e2t \u00een mod obi\u0219nuit la nivelul \u00eentregii \u021b\u0103ri, meteorologii subliniaz\u0103 c\u0103 aceste prognoze nu pot surprinde intervalele scurte de fenomene extreme, precum r\u0103ciri bru\u0219te sau viscole. Astfel, luna februarie se poate dovedi a fi imprevizibil\u0103, cu varia\u021bii termice semnificative.<\/p>\n<p>De asemenea, meteorologii au men\u021bionat c\u0103 februarie 2024 a fost cea mai cald\u0103 lun\u0103 \u00eenregistrat\u0103, cu o medie na\u021bional\u0103 de +6 grade Celsius. La sta\u021bia meteorologic\u0103 P\u0103t\u00e2rlagele, pe 16 februarie 2024, s-a egalat recordul de temperatur\u0103 de 26 de grade Celsius. \u00cen contrast, au existat \u0219i ani \u00een care luna februarie a fost extrem de rece, precum \u00een 2003, 2005 \u0219i 2012.<\/p>\n","protected":false},"excerpt":{"rendered":"<p>Administra\u021bia Na\u021bional\u0103 de Meteorologie (ANM) a realizat o prezentare detaliat\u0103 a vremii din luna februarie, publicat\u0103 pe re\u021belele sociale. Meteorologii rom\u00e2ni au subliniat c\u0103 aceast\u0103 lun\u0103 poate fi caracterizat\u0103 prin contraste termice semnificative, analiz\u00e2nd condi\u021biile meteorologice din februariile anterioare \u0219i fenomenele specifice acestui sezon. \u201e\u00cen ultimii ani, observ\u0103m o sc\u0103dere a frecven\u021bei viscolului \u0219i a [&hellip;]<\/p>\n","protected":false},"author":5,"featured_media":810,"comment_status":"open","ping_status":"open","sticky":false,"template":"","format":"standard","meta":{"jnews-multi-image_gallery":[],"jnews_single_post":[],"jnews_primary_category":[],"jnews_override_counter":[],"footnotes":""},"categories":[45],"tags":[150,738,1454,133,127,126,1142,125],"class_list":["post-809","post","type-post","status-publish","format-standard","has-post-thumbnail","hentry","category-meteo","tag-anm","tag-climat","tag-februarie","tag-meteorologie","tag-ninsori","tag-temperaturi","tag-viscol","tag-vreme"],"_links":{"self":[{"href":"https:\/\/www.newsrecorder.ro\/app\/wp-json\/wp\/v2\/posts\/809","targetHints":{"allow":["GET"]}}],"collection":[{"href":"https:\/\/www.newsrecorder.ro\/app\/wp-json\/wp\/v2\/posts"}],"about":[{"href":"https:\/\/www.newsrecorder.ro\/app\/wp-json\/wp\/v2\/types\/post"}],"author":[{"embeddable":true,"href":"https:\/\/www.newsrecorder.ro\/app\/wp-json\/wp\/v2\/users\/5"}],"replies":[{"embeddable":true,"href":"https:\/\/www.newsrecorder.ro\/app\/wp-json\/wp\/v2\/comments?post=809"}],"version-history":[{"count":0,"href":"https:\/\/www.newsrecorder.ro\/app\/wp-json\/wp\/v2\/posts\/809\/revisions"}],"wp:featuredmedia":[{"embeddable":true,"href":"https:\/\/www.newsrecorder.ro\/app\/wp-json\/wp\/v2\/media\/810"}],"wp:attachment":[{"href":"https:\/\/www.newsrecorder.ro\/app\/wp-json\/wp\/v2\/media?parent=809"}],"wp:term":[{"taxonomy":"category","embeddable":true,"href":"https:\/\/www.newsrecorder.ro\/app\/wp-json\/wp\/v2\/categories?post=809"},{"taxonomy":"post_tag","embeddable":true,"href":"https:\/\/www.newsrecorder.ro\/app\/wp-json\/wp\/v2\/tags?post=809"}],"curies":[{"name":"wp","href":"https:\/\/api.w.org\/{rel}","templated":true}]}}