{"id":8100,"date":"2026-03-12T20:30:28","date_gmt":"2026-03-12T20:30:28","guid":{"rendered":"https:\/\/www.newsrecorder.ro\/app\/2026\/03\/12\/vremea-pe-8-martie-ce-ne-asteapta-in-bucuresti-si-in-toata-tara\/"},"modified":"2026-03-12T20:30:28","modified_gmt":"2026-03-12T20:30:28","slug":"vremea-pe-8-martie-ce-ne-asteapta-in-bucuresti-si-in-toata-tara","status":"publish","type":"post","link":"https:\/\/www.newsrecorder.ro\/app\/2026\/03\/12\/vremea-pe-8-martie-ce-ne-asteapta-in-bucuresti-si-in-toata-tara\/","title":{"rendered":"Vremea pe 8 Martie: Ce ne a\u0219teapt\u0103 \u00een Bucure\u0219ti \u0219i \u00een toat\u0103 \u021bara?"},"content":{"rendered":"<p>Administra\u021bia Na\u021bional\u0103 de Meteorologie (ANM) a anun\u021bat c\u0103 vremea de 8 Martie se va prezenta pl\u0103cut\u0103, cu temperaturi ce dep\u0103\u0219esc valorile normale pentru aceast\u0103 perioad\u0103. \u00cen diverse regiuni, mercurul din termometre va urca p\u00e2n\u0103 la 17 grade Celsius.<\/p>\n<p>\u00cen intervalul de timp de duminic\u0103, 8 martie, ora 9:00 p\u00e2n\u0103 luni, 9 martie, ora 9:00, \u00een regiunile sud \u0219i sud-est, cerul va fi variabil, cu apari\u021bia cea\u021bei locale \u00een primele ore ale zilei \u0219i din nou pe timpul nop\u021bii. \u00cen restul \u021b\u0103rii, se preconizeaz\u0103 o vreme predominant senin\u0103.<\/p>\n<p>Conform informa\u021biilor furnizate de ANM, v\u00e2ntul va avea intensitate slab\u0103 p\u00e2n\u0103 la moderat\u0103, cu intensific\u0103ri temporare, \u00een special noaptea \u00een sudul Banatului, unde rafalele vor atinge viteze de aproximativ 50-55 km\/h.<\/p>\n<p>Temperaturile maxime sunt estimate a se \u00eencadra \u00eentre 7 \u0219i 17 grade, \u00een timp ce valorile minime vor varia, ajung\u00e2nd p\u00e2n\u0103 la -8 grade \u00een depresiunile Carpa\u021bilor Orientali \u0219i p\u00e2n\u0103 la 7 grade \u00een sudul Banatului.<\/p>\n<p>\u00cen ceea ce prive\u0219te vremea \u00een Capital\u0103, \u00een acela\u0219i interval men\u021bionat, aceasta va fi de asemenea favorabil\u0103, cu temperaturi ce se vor situa peste media multianual\u0103. Diminea\u021ba, atmosfera va fi r\u0103coroas\u0103, iar temperaturile minime vor oscila \u00eentre -1 \u0219i 1 grad Celsius.<\/p>\n<p>Pe parcursul zilei, v\u00e2ntul va continua s\u0103 sufle slab \u0219i moderat, iar temperatura maxim\u0103 va atinge valori de 12-13 grade Celsius.<\/p>\n","protected":false},"excerpt":{"rendered":"<p>Administra\u021bia Na\u021bional\u0103 de Meteorologie (ANM) a anun\u021bat c\u0103 vremea de 8 Martie se va prezenta pl\u0103cut\u0103, cu temperaturi ce dep\u0103\u0219esc valorile normale pentru aceast\u0103 perioad\u0103. \u00cen diverse regiuni, mercurul din termometre va urca p\u00e2n\u0103 la 17 grade Celsius. \u00cen intervalul de timp de duminic\u0103, 8 martie, ora 9:00 p\u00e2n\u0103 luni, 9 martie, ora 9:00, \u00een [&hellip;]<\/p>\n","protected":false},"author":5,"featured_media":8101,"comment_status":"open","ping_status":"open","sticky":false,"template":"","format":"standard","meta":{"jnews-multi-image_gallery":[],"jnews_single_post":[],"jnews_primary_category":[],"jnews_override_counter":[],"footnotes":""},"categories":[45],"tags":[10031,150,130,133,126,3723,137,125],"class_list":["post-8100","post","type-post","status-publish","format-standard","has-post-thumbnail","hentry","category-meteo","tag-8-martie","tag-anm","tag-cer-variabil","tag-meteorologie","tag-temperaturi","tag-valori-normale","tag-vant","tag-vreme"],"_links":{"self":[{"href":"https:\/\/www.newsrecorder.ro\/app\/wp-json\/wp\/v2\/posts\/8100","targetHints":{"allow":["GET"]}}],"collection":[{"href":"https:\/\/www.newsrecorder.ro\/app\/wp-json\/wp\/v2\/posts"}],"about":[{"href":"https:\/\/www.newsrecorder.ro\/app\/wp-json\/wp\/v2\/types\/post"}],"author":[{"embeddable":true,"href":"https:\/\/www.newsrecorder.ro\/app\/wp-json\/wp\/v2\/users\/5"}],"replies":[{"embeddable":true,"href":"https:\/\/www.newsrecorder.ro\/app\/wp-json\/wp\/v2\/comments?post=8100"}],"version-history":[{"count":0,"href":"https:\/\/www.newsrecorder.ro\/app\/wp-json\/wp\/v2\/posts\/8100\/revisions"}],"wp:featuredmedia":[{"embeddable":true,"href":"https:\/\/www.newsrecorder.ro\/app\/wp-json\/wp\/v2\/media\/8101"}],"wp:attachment":[{"href":"https:\/\/www.newsrecorder.ro\/app\/wp-json\/wp\/v2\/media?parent=8100"}],"wp:term":[{"taxonomy":"category","embeddable":true,"href":"https:\/\/www.newsrecorder.ro\/app\/wp-json\/wp\/v2\/categories?post=8100"},{"taxonomy":"post_tag","embeddable":true,"href":"https:\/\/www.newsrecorder.ro\/app\/wp-json\/wp\/v2\/tags?post=8100"}],"curies":[{"name":"wp","href":"https:\/\/api.w.org\/{rel}","templated":true}]}}