{"id":8102,"date":"2026-03-12T20:30:40","date_gmt":"2026-03-12T20:30:40","guid":{"rendered":"https:\/\/www.newsrecorder.ro\/app\/2026\/03\/12\/bucuresti-vreme-capricioasa-in-urmatoarele-doua-zile-maxime-de-16c\/"},"modified":"2026-03-12T20:30:40","modified_gmt":"2026-03-12T20:30:40","slug":"bucuresti-vreme-capricioasa-in-urmatoarele-doua-zile-maxime-de-16c","status":"publish","type":"post","link":"https:\/\/www.newsrecorder.ro\/app\/2026\/03\/12\/bucuresti-vreme-capricioasa-in-urmatoarele-doua-zile-maxime-de-16c\/","title":{"rendered":"Bucure\u0219ti: Vreme capricioas\u0103 \u00een urm\u0103toarele dou\u0103 zile, maxime de 16\u00b0C!"},"content":{"rendered":"<p class=\"font-claude-response-body break-words whitespace-normal leading-[1.7]\">O veste \u00eembucur\u0103toare pentru bucure\u0219teni: \u00een prezent, Capitala nu este supus\u0103 niciunui cod meteorologic.<\/p>\n<p><strong>Joi \u0219i noaptea spre vineri: temperaturi mai ridicate dec\u00e2t media sezonier\u0103<\/strong><\/p>\n<p class=\"font-claude-response-body break-words whitespace-normal leading-[1.7]\">\u00cen urm\u0103toarele zile, valorile termice vor dep\u0103\u0219i standardele obi\u0219nuite pentru aceast\u0103 perioad\u0103 a anului. Cerul va fi predominant noros, dar v\u00e2ntul va fi slab \u0219i moderat. Temperaturile maxime se vor situa \u00eentre 14 \u0219i 16 grade Celsius, \u00een timp ce minimele nocturne vor sc\u0103dea la 1-3 grade.<\/p>\n<p><strong>Vineri \u00een Bucure\u0219ti: cer variabil, f\u0103r\u0103 precipita\u021bii<\/strong><\/p>\n<p class=\"font-claude-response-body break-words whitespace-normal leading-[1.7]\">Pe 6 martie, \u00eentre orele 08:00 \u0219i 20:00, bucure\u0219tenii se pot a\u0219tepta la un cer variabil. V\u00e2ntul va continua s\u0103 fie slab \u0219i moderat. Temperaturile vor atinge valori de 12-13 grade Celsius \u00een timpul zilei.<\/p>\n<p class=\"font-claude-response-body break-words whitespace-normal leading-[1.7]\">Conform celor anun\u021bate de Administra\u021bia Na\u021bional\u0103 de Meteorologie (ANM), \u00een \u00eentreaga perioad\u0103 de prognoz\u0103, Bucure\u0219tiul nu se afl\u0103 sub nicio alert\u0103 sau avertizare meteorologic\u0103.<\/p>\n","protected":false},"excerpt":{"rendered":"<p>O veste \u00eembucur\u0103toare pentru bucure\u0219teni: \u00een prezent, Capitala nu este supus\u0103 niciunui cod meteorologic. Joi \u0219i noaptea spre vineri: temperaturi mai ridicate dec\u00e2t media sezonier\u0103 \u00cen urm\u0103toarele zile, valorile termice vor dep\u0103\u0219i standardele obi\u0219nuite pentru aceast\u0103 perioad\u0103 a anului. Cerul va fi predominant noros, dar v\u00e2ntul va fi slab \u0219i moderat. Temperaturile maxime se vor [&hellip;]<\/p>\n","protected":false},"author":5,"featured_media":8103,"comment_status":"open","ping_status":"open","sticky":false,"template":"","format":"standard","meta":{"jnews-multi-image_gallery":[],"jnews_single_post":[],"jnews_primary_category":[],"jnews_override_counter":[],"footnotes":""},"categories":[45],"tags":[150,362,130,133,3233,132,126,125],"class_list":["post-8102","post","type-post","status-publish","format-standard","has-post-thumbnail","hentry","category-meteo","tag-anm","tag-bucuresti","tag-cer-variabil","tag-meteorologie","tag-primavara","tag-prognoza","tag-temperaturi","tag-vreme"],"_links":{"self":[{"href":"https:\/\/www.newsrecorder.ro\/app\/wp-json\/wp\/v2\/posts\/8102","targetHints":{"allow":["GET"]}}],"collection":[{"href":"https:\/\/www.newsrecorder.ro\/app\/wp-json\/wp\/v2\/posts"}],"about":[{"href":"https:\/\/www.newsrecorder.ro\/app\/wp-json\/wp\/v2\/types\/post"}],"author":[{"embeddable":true,"href":"https:\/\/www.newsrecorder.ro\/app\/wp-json\/wp\/v2\/users\/5"}],"replies":[{"embeddable":true,"href":"https:\/\/www.newsrecorder.ro\/app\/wp-json\/wp\/v2\/comments?post=8102"}],"version-history":[{"count":0,"href":"https:\/\/www.newsrecorder.ro\/app\/wp-json\/wp\/v2\/posts\/8102\/revisions"}],"wp:featuredmedia":[{"embeddable":true,"href":"https:\/\/www.newsrecorder.ro\/app\/wp-json\/wp\/v2\/media\/8103"}],"wp:attachment":[{"href":"https:\/\/www.newsrecorder.ro\/app\/wp-json\/wp\/v2\/media?parent=8102"}],"wp:term":[{"taxonomy":"category","embeddable":true,"href":"https:\/\/www.newsrecorder.ro\/app\/wp-json\/wp\/v2\/categories?post=8102"},{"taxonomy":"post_tag","embeddable":true,"href":"https:\/\/www.newsrecorder.ro\/app\/wp-json\/wp\/v2\/tags?post=8102"}],"curies":[{"name":"wp","href":"https:\/\/api.w.org\/{rel}","templated":true}]}}