{"id":8112,"date":"2026-03-12T20:32:05","date_gmt":"2026-03-12T20:32:05","guid":{"rendered":"https:\/\/www.newsrecorder.ro\/app\/2026\/03\/12\/cum-va-fi-vremea-in-martie-anm-aduce-vesti-promitatoare\/"},"modified":"2026-03-12T20:32:05","modified_gmt":"2026-03-12T20:32:05","slug":"cum-va-fi-vremea-in-martie-anm-aduce-vesti-promitatoare","status":"publish","type":"post","link":"https:\/\/www.newsrecorder.ro\/app\/2026\/03\/12\/cum-va-fi-vremea-in-martie-anm-aduce-vesti-promitatoare\/","title":{"rendered":"Cum va fi vremea \u00een martie? ANM aduce ve\u0219ti promi\u021b\u0103toare!"},"content":{"rendered":"<p>Conform informa\u021biilor furnizate de Administra\u021bia Na\u021bional\u0103 de Meteorologie (ANM), prognoza pentru s\u0103pt\u0103m\u00e2na 2-9 martie indic\u0103 temperaturi mai ridicate dec\u00e2t cele obi\u015fnuite pentru aceast\u0103 perioad\u0103, \u00een special \u00een regiunile vestice, nordice \u0219i centrale ale \u021b\u0103rii. De asemenea, se preconizeaz\u0103 un regim pluviometric deficitar pe \u00eentreg teritoriul Rom\u00e2niei.<\/p>\n<p>\u00cen s\u0103pt\u0103m\u00e2na 9-16 martie, se estimeaz\u0103 c\u0103 temperaturile medii vor continua s\u0103 fie u\u0219or mai ridicate \u00een regiunile vestice, nordice \u0219i centrale, \u00een timp ce \u00een restul \u021b\u0103rii valorile vor fi \u00een general apropiate de cele normale. De asemenea, cantit\u0103\u021bile de precipita\u021bii vor r\u0103m\u00e2ne deficitare la nivel na\u021bional, cu o accentuare a acestui deficit \u00een zonele montane.<\/p>\n<p>\u00cen s\u0103pt\u0103m\u00e2na 16-23 martie, temperaturile medii ale aerului vor \u00eenregistra valori u\u0219or superioare celor normale pentru aceast\u0103 perioad\u0103 \u00een toate regiunile. Regimul pluviometric estimat pentru intervalul respectiv va fi, \u00een general, apropiat de cel normal \u00een cea mai mare parte a \u021b\u0103rii.<\/p>\n<p>\u00cen final, pentru s\u0103pt\u0103m\u00e2na 23-30 martie, se preconizeaz\u0103 c\u0103 mediile valorilor termice vor fi u\u0219or peste cele specifice pentru aceast\u0103 s\u0103pt\u0103m\u00e2n\u0103, acoperind \u00eentregul teritoriu al Rom\u00e2niei. Cantit\u0103\u021bile de precipita\u021bii vor fi, de asemenea, apropiate de cele normale pentru aceast\u0103 perioad\u0103, conform preciz\u0103rilor ANM.<\/p>\n","protected":false},"excerpt":{"rendered":"<p>Conform informa\u021biilor furnizate de Administra\u021bia Na\u021bional\u0103 de Meteorologie (ANM), prognoza pentru s\u0103pt\u0103m\u00e2na 2-9 martie indic\u0103 temperaturi mai ridicate dec\u00e2t cele obi\u015fnuite pentru aceast\u0103 perioad\u0103, \u00een special \u00een regiunile vestice, nordice \u0219i centrale ale \u021b\u0103rii. De asemenea, se preconizeaz\u0103 un regim pluviometric deficitar pe \u00eentreg teritoriul Rom\u00e2niei. \u00cen s\u0103pt\u0103m\u00e2na 9-16 martie, se estimeaz\u0103 c\u0103 temperaturile medii [&hellip;]<\/p>\n","protected":false},"author":5,"featured_media":8113,"comment_status":"open","ping_status":"open","sticky":false,"template":"","format":"standard","meta":{"jnews-multi-image_gallery":[],"jnews_single_post":[],"jnews_primary_category":[],"jnews_override_counter":[],"footnotes":""},"categories":[45],"tags":[1816,784,5163,8440,8439,141,7867,737],"class_list":["post-8112","post","type-post","status-publish","format-standard","has-post-thumbnail","hentry","category-meteo","tag-administratia-nationala-de-meteorologie","tag-centrale","tag-martie","tag-nordice","tag-precipitatii-deficitare","tag-prognoza-meteo","tag-regiuni-vestice","tag-temperaturi-ridicate"],"_links":{"self":[{"href":"https:\/\/www.newsrecorder.ro\/app\/wp-json\/wp\/v2\/posts\/8112","targetHints":{"allow":["GET"]}}],"collection":[{"href":"https:\/\/www.newsrecorder.ro\/app\/wp-json\/wp\/v2\/posts"}],"about":[{"href":"https:\/\/www.newsrecorder.ro\/app\/wp-json\/wp\/v2\/types\/post"}],"author":[{"embeddable":true,"href":"https:\/\/www.newsrecorder.ro\/app\/wp-json\/wp\/v2\/users\/5"}],"replies":[{"embeddable":true,"href":"https:\/\/www.newsrecorder.ro\/app\/wp-json\/wp\/v2\/comments?post=8112"}],"version-history":[{"count":0,"href":"https:\/\/www.newsrecorder.ro\/app\/wp-json\/wp\/v2\/posts\/8112\/revisions"}],"wp:featuredmedia":[{"embeddable":true,"href":"https:\/\/www.newsrecorder.ro\/app\/wp-json\/wp\/v2\/media\/8113"}],"wp:attachment":[{"href":"https:\/\/www.newsrecorder.ro\/app\/wp-json\/wp\/v2\/media?parent=8112"}],"wp:term":[{"taxonomy":"category","embeddable":true,"href":"https:\/\/www.newsrecorder.ro\/app\/wp-json\/wp\/v2\/categories?post=8112"},{"taxonomy":"post_tag","embeddable":true,"href":"https:\/\/www.newsrecorder.ro\/app\/wp-json\/wp\/v2\/tags?post=8112"}],"curies":[{"name":"wp","href":"https:\/\/api.w.org\/{rel}","templated":true}]}}