{"id":8146,"date":"2026-03-12T21:16:53","date_gmt":"2026-03-12T21:16:53","guid":{"rendered":"https:\/\/www.newsrecorder.ro\/app\/2026\/03\/12\/zelenski-la-fetesti-ucrainenii-se-pregatesc-sa-piloteze-f-16\/"},"modified":"2026-03-12T21:16:53","modified_gmt":"2026-03-12T21:16:53","slug":"zelenski-la-fetesti-ucrainenii-se-pregatesc-sa-piloteze-f-16","status":"publish","type":"post","link":"https:\/\/www.newsrecorder.ro\/app\/2026\/03\/12\/zelenski-la-fetesti-ucrainenii-se-pregatesc-sa-piloteze-f-16\/","title":{"rendered":"Zelenski la Fete\u0219ti: Ucrainenii se preg\u0103tesc s\u0103 piloteze F-16!"},"content":{"rendered":"<p>\u201e\u00cen afara discu\u021biilor constructive pe care le-am avut ast\u0103zi cu pre\u0219edintele Volodimir Zelenski, referitoare la parteneriatul nostru \u0219i la o nou\u0103 fabric\u0103 de drone \u00een Rom\u00e2nia, m-am g\u00e2ndit mult la acel \u201eceva\u201d care face un popor s\u0103 r\u0103m\u00e2n\u0103 unit \u00een fa\u021ba pericolului. Banii, tehnica militar\u0103 \u0219i tehnologia au o valoare limitat\u0103 f\u0103r\u0103 oameni care cred \u00eentr-un scop comun\u201d, a declarat Radu Miru\u021b\u0103 pe Facebook, joi seara.<\/p>\n<p>Ministrul Ap\u0103r\u0103rii a men\u021bionat c\u0103 a avut ocazia s\u0103 viziteze \u00eempreun\u0103 cu pre\u0219edintele Zelenski Baza 86 Aerian\u0103 de la Fete\u0219ti, unde tineri din Rom\u00e2nia \u0219i Ucraina se preg\u0103tesc s\u0103 devin\u0103 pilo\u021bi de avioane F-16.<\/p>\n<p>\u201eAm observat emo\u021bia sincer\u0103 a viitorilor pilo\u021bi ucraineni \u00een timpul \u00eent\u00e2lnirii cu pre\u0219edintele lor. Era o emo\u021bie profund\u0103, dar \u0219i o con\u0219tientizare a responsabilit\u0103\u021bii pe care o poart\u0103\u201d, a afirmat Miru\u021b\u0103.<\/p>\n<p>De asemenea, el a subliniat c\u0103 a discutat cu pre\u0219edintele Ucrainei despre continuitatea programelor de formare pentru pilo\u021bii ucraineni \u0219i despre \u00eent\u0103rirea capacit\u0103\u021bilor de ap\u0103rare pe flancul estic al NATO.<\/p>\n<p>Radu Miru\u021b\u0103 a eviden\u021biat recuno\u0219tin\u021ba exprimat\u0103 de pre\u0219edintele Zelenski pentru sprijinul constant oferit de Rom\u00e2nia: \u201eLa r\u00e2ndul meu, i-am mul\u021bumit pentru curajul \u0219i determinarea poporului ucrainean, care a reu\u0219it s\u0103 \u021bin\u0103 agresiunea Rusiei lui Putin departe de grani\u021bele noastre. Noi putem dormi lini\u0219ti\u021bi \u00een paturile noastre pentru c\u0103, de patru ani, ucrainenii fac fa\u021b\u0103 cu brio agresorului Putin\u201d.<\/p>\n","protected":false},"excerpt":{"rendered":"<p>\u201e\u00cen afara discu\u021biilor constructive pe care le-am avut ast\u0103zi cu pre\u0219edintele Volodimir Zelenski, referitoare la parteneriatul nostru \u0219i la o nou\u0103 fabric\u0103 de drone \u00een Rom\u00e2nia, m-am g\u00e2ndit mult la acel \u201eceva\u201d care face un popor s\u0103 r\u0103m\u00e2n\u0103 unit \u00een fa\u021ba pericolului. Banii, tehnica militar\u0103 \u0219i tehnologia au o valoare limitat\u0103 f\u0103r\u0103 oameni care cred [&hellip;]<\/p>\n","protected":false},"author":2,"featured_media":8147,"comment_status":"open","ping_status":"open","sticky":false,"template":"","format":"standard","meta":{"jnews-multi-image_gallery":[],"jnews_single_post":[],"jnews_primary_category":[],"jnews_override_counter":[],"footnotes":""},"categories":[42],"tags":[409,924,2378,2898,4080,149,1234,682],"class_list":["post-8146","post","type-post","status-publish","format-standard","has-post-thumbnail","hentry","category-politica","tag-aparare","tag-drone","tag-emotie","tag-parteneriat","tag-piloti","tag-romania","tag-tehnologie","tag-ucraina"],"_links":{"self":[{"href":"https:\/\/www.newsrecorder.ro\/app\/wp-json\/wp\/v2\/posts\/8146","targetHints":{"allow":["GET"]}}],"collection":[{"href":"https:\/\/www.newsrecorder.ro\/app\/wp-json\/wp\/v2\/posts"}],"about":[{"href":"https:\/\/www.newsrecorder.ro\/app\/wp-json\/wp\/v2\/types\/post"}],"author":[{"embeddable":true,"href":"https:\/\/www.newsrecorder.ro\/app\/wp-json\/wp\/v2\/users\/2"}],"replies":[{"embeddable":true,"href":"https:\/\/www.newsrecorder.ro\/app\/wp-json\/wp\/v2\/comments?post=8146"}],"version-history":[{"count":0,"href":"https:\/\/www.newsrecorder.ro\/app\/wp-json\/wp\/v2\/posts\/8146\/revisions"}],"wp:featuredmedia":[{"embeddable":true,"href":"https:\/\/www.newsrecorder.ro\/app\/wp-json\/wp\/v2\/media\/8147"}],"wp:attachment":[{"href":"https:\/\/www.newsrecorder.ro\/app\/wp-json\/wp\/v2\/media?parent=8146"}],"wp:term":[{"taxonomy":"category","embeddable":true,"href":"https:\/\/www.newsrecorder.ro\/app\/wp-json\/wp\/v2\/categories?post=8146"},{"taxonomy":"post_tag","embeddable":true,"href":"https:\/\/www.newsrecorder.ro\/app\/wp-json\/wp\/v2\/tags?post=8146"}],"curies":[{"name":"wp","href":"https:\/\/api.w.org\/{rel}","templated":true}]}}