{"id":8170,"date":"2026-03-13T00:53:34","date_gmt":"2026-03-13T00:53:34","guid":{"rendered":"https:\/\/www.newsrecorder.ro\/app\/2026\/03\/13\/trump-razboiul-cu-iranul-se-intensifica-rapid\/"},"modified":"2026-03-13T00:53:34","modified_gmt":"2026-03-13T00:53:34","slug":"trump-razboiul-cu-iranul-se-intensifica-rapid","status":"publish","type":"post","link":"https:\/\/www.newsrecorder.ro\/app\/2026\/03\/13\/trump-razboiul-cu-iranul-se-intensifica-rapid\/","title":{"rendered":"Trump: R\u0103zboiul cu Iranul se intensific\u0103 rapid!"},"content":{"rendered":"<p>Pre\u0219edintele Statelor Unite a declarat recent c\u0103 situa\u021bia din Orientul Mijlociu \u201eevolueaz\u0103 foarte rapid\u201d \u0219i c\u0103 aceasta \u201emerge foarte bine\u201d.<\/p>\n<p>\u00cen continuarea discursului s\u0103u, el a caracterizat Iranul ca fiind \u201eo na\u021biune a terorii \u0219i a urii\u201d, subliniind c\u0103 \u021bara \u201epl\u0103te\u0219te un pre\u021b mare \u00een acest moment\u201d pentru ac\u021biunile sale.<\/p>\n<p>Trump a reiterat \u00een mai multe ocazii c\u0103 r\u0103zboiul dintre SUA \u0219i Israel \u00eempotriva Iranului este o ac\u021biune pe termen scurt, \u00eens\u0103 nu a specificat o dat\u0103 anume pentru \u00eencheierea acestor opera\u021biuni.<\/p>\n<p>\u00centre timp, For\u021bele Armate Israeliene au dat startul unui nou val de atacuri asupra Teheranului. Conform unui comunicat al armatei israeliene, publicat joi sear\u0103 pe re\u021belele sociale, a fost ini\u021biat \u201eun nou val de atacuri la scar\u0103 larg\u0103\u201d ce vizeaz\u0103 infrastructura regimului iranian din capitala Teheran, potrivit informa\u021biilor prezentate de BBC.<\/p>\n<p>De asemenea, o rachet\u0103 balistic\u0103 lansat\u0103 din Iran a lovit o zon\u0103 deschis\u0103 din centrul Israelului, f\u0103r\u0103 a provoca r\u0103ni\u021bi, conform raport\u0103rilor de joi ale Comandamentului Frontului Intern al For\u021belor Armate Israeliene, citate de publica\u021bia israelian\u0103 Haaretz.<\/p>\n","protected":false},"excerpt":{"rendered":"<p>Pre\u0219edintele Statelor Unite a declarat recent c\u0103 situa\u021bia din Orientul Mijlociu \u201eevolueaz\u0103 foarte rapid\u201d \u0219i c\u0103 aceasta \u201emerge foarte bine\u201d. \u00cen continuarea discursului s\u0103u, el a caracterizat Iranul ca fiind \u201eo na\u021biune a terorii \u0219i a urii\u201d, subliniind c\u0103 \u021bara \u201epl\u0103te\u0219te un pre\u021b mare \u00een acest moment\u201d pentru ac\u021biunile sale. Trump a reiterat \u00een mai [&hellip;]<\/p>\n","protected":false},"author":2,"featured_media":8171,"comment_status":"open","ping_status":"open","sticky":false,"template":"","format":"standard","meta":{"jnews-multi-image_gallery":[],"jnews_single_post":[],"jnews_primary_category":[],"jnews_override_counter":[],"footnotes":""},"categories":[41],"tags":[1084,3780,913,268,2211,9554,2829,1735],"class_list":["post-8170","post","type-post","status-publish","format-standard","has-post-thumbnail","hentry","category-externe","tag-atacuri","tag-forte-armate","tag-iran","tag-israel","tag-orientul-mijlociu","tag-racheta-balistica","tag-terorism","tag-trump"],"_links":{"self":[{"href":"https:\/\/www.newsrecorder.ro\/app\/wp-json\/wp\/v2\/posts\/8170","targetHints":{"allow":["GET"]}}],"collection":[{"href":"https:\/\/www.newsrecorder.ro\/app\/wp-json\/wp\/v2\/posts"}],"about":[{"href":"https:\/\/www.newsrecorder.ro\/app\/wp-json\/wp\/v2\/types\/post"}],"author":[{"embeddable":true,"href":"https:\/\/www.newsrecorder.ro\/app\/wp-json\/wp\/v2\/users\/2"}],"replies":[{"embeddable":true,"href":"https:\/\/www.newsrecorder.ro\/app\/wp-json\/wp\/v2\/comments?post=8170"}],"version-history":[{"count":0,"href":"https:\/\/www.newsrecorder.ro\/app\/wp-json\/wp\/v2\/posts\/8170\/revisions"}],"wp:featuredmedia":[{"embeddable":true,"href":"https:\/\/www.newsrecorder.ro\/app\/wp-json\/wp\/v2\/media\/8171"}],"wp:attachment":[{"href":"https:\/\/www.newsrecorder.ro\/app\/wp-json\/wp\/v2\/media?parent=8170"}],"wp:term":[{"taxonomy":"category","embeddable":true,"href":"https:\/\/www.newsrecorder.ro\/app\/wp-json\/wp\/v2\/categories?post=8170"},{"taxonomy":"post_tag","embeddable":true,"href":"https:\/\/www.newsrecorder.ro\/app\/wp-json\/wp\/v2\/tags?post=8170"}],"curies":[{"name":"wp","href":"https:\/\/api.w.org\/{rel}","templated":true}]}}