{"id":8174,"date":"2026-03-13T00:54:17","date_gmt":"2026-03-13T00:54:17","guid":{"rendered":"https:\/\/www.newsrecorder.ro\/app\/2026\/03\/13\/netanyahu-daca-as-fi-agent-nu-le-as-oferi-asigurari-de-viata\/"},"modified":"2026-03-13T00:54:17","modified_gmt":"2026-03-13T00:54:17","slug":"netanyahu-daca-as-fi-agent-nu-le-as-oferi-asigurari-de-viata","status":"publish","type":"post","link":"https:\/\/www.newsrecorder.ro\/app\/2026\/03\/13\/netanyahu-daca-as-fi-agent-nu-le-as-oferi-asigurari-de-viata\/","title":{"rendered":"\u201eNetanyahu: &#8216;Dac\u0103 a\u0219 fi agent, nu le-a\u0219 oferi asigur\u0103ri de via\u021b\u0103&#8217;!\u201d"},"content":{"rendered":"<p>\u201eEu \u0219i Trump discut\u0103m aproape zilnic, \u00eentr-un mod informal, ca \u0219i cum am fi la un bar\u201d, a declarat <strong><a style=\"color: #ff0000\" href=\"https:\/\/www.mediafax.ro\/stirile-zilei\/israelul-isi-creste-bugetul-apararii-13-miliarde-de-dolari-ca-finanteze-razboiul-cu-iranul-23700567\">premierul israelian<\/a><\/strong>, Benjamin Netanyahu, \u00een prima sa conferin\u021b\u0103 de pres\u0103 extins\u0103 de la \u00eenceputul conflictului cu Iranul.<\/p>\n<p>Netanyahu a avut ca scop principal transmiterea unor mesaje clare c\u0103tre lumea musulman\u0103 \u0219i vecinii Israelului.<\/p>\n<p>\u201eNu a\u0219 emite poli\u021be de asigurare de via\u021b\u0103\u201d<\/p>\n<p>\u00centrebat despre inten\u021biile sale \u00een leg\u0103tur\u0103 cu noii lideri ai Iranului \u0219i cu noul secretar general al Hezbollah, Netanyahu a p\u0103strat o atitudine enigmatic\u0103. \u201eNu inten\u021bionez s\u0103 dezv\u0103lui ce vom face \u00een privin\u021ba lui Mojtaba Khamenei \u0219i Naim Qassem, dar nu exist\u0103 nicio garan\u021bie c\u0103 ace\u0219tia vor r\u0103m\u00e2ne \u00een via\u021b\u0103. L-am eliminat pe vechiul tiran, iar noul tiran, o marionet\u0103 a G\u0103rzilor Revolu\u021bionare, nu \u00ee\u0219i poate ar\u0103ta fa\u021ba \u00een public. <strong>Dac\u0103 a\u0219 fi agent de asigur\u0103ri, nu a\u0219 emite poli\u021be de asigurare de via\u021b\u0103 pentru ace\u0219ti doi indivizi.<\/strong> Voi men\u021bine un anumit grad de perspectiv\u0103 combativ\u0103 la aceast\u0103 conferin\u021b\u0103 de pres\u0103. V\u0103 pot asigura c\u0103 avem un avantaj mult mai mare dec\u00e2t am anticipat \u0219i ne vom \u00eendeplini toate obiectivele\u201d, a afirmat el.<\/p>\n<p>Referitor la sus\u021binerea grupurilor de opozi\u021bie din Iran, premierul a subliniat: \u201ePot afirma cu certitudine c\u0103 regimul nu poate fi r\u0103sturnat f\u0103r\u0103 eforturile poporului iranian \u0219i i-am informat despre acest lucru. Le-am spus c\u0103 ajutorul este pe drum\u201d.<\/p>\n<p>\u201eDac\u0103 regimul nu va c\u0103dea, va fi mult mai slab\u201d<\/p>\n<p>\u201eNu pot prezice ce se va \u00eent\u00e2mpla \u00een cele din urm\u0103. Nu voi face astfel de declara\u021bii. Sper\u0103m \u0219i \u00een\u021belegem c\u0103 \u0219i dumneavoastr\u0103 spera\u021bi ca regimul s\u0103 cad\u0103. Dac\u0103 acesta nu va c\u0103dea, va fi mult mai slab, \u00eens\u0103 dac\u0103 va c\u0103dea, problema va fi rezolvat\u0103\u201d, a ad\u0103ugat Netanyahu. La \u00eentreb\u0103rile insistente ale jurnali\u0219tilor, el a admis c\u0103 nu este sigur de soarta regimului iranian. \u201eDesigur, lucr\u0103m pentru a crea condi\u021biile necesare ca poporul iranian s\u0103 \u00eenl\u0103ture acest regim brutal\u201d, a insistat el.<\/p>\n<p>\u201eSuntem cel pu\u021bin o putere regional\u0103\u201d<\/p>\n<p>Premierul israelian a subliniat c\u0103, pe 7 octombrie, \u201etoat\u0103 lumea credea c\u0103 suntem termina\u021bi, dar acum suntem cel pu\u021bin o putere regional\u0103\u201d. De asemenea, Netanyahu a emis avertismente clare c\u0103tre Guvernul de la Beirut:<\/p>\n<p>\u201eAm spus guvernului libanez cu c\u00e2teva zile \u00een urm\u0103 c\u0103 se joac\u0103 cu focul, deoarece nu \u00ee\u0219i respect\u0103 angajamentele fa\u021b\u0103 de Hezbollah. Dac\u0103 continu\u0103 s\u0103 permit\u0103 Hezbollah s\u0103 opereze f\u0103r\u0103 a-l dezarma, \u00ee\u0219i aleg propria soart\u0103. Dac\u0103 nu ac\u021bioneaz\u0103, vom ac\u021biona noi. Nu voi intra \u00een detalii despre cum ne vom desf\u0103\u0219ura activitatea, fie prin mijloace terestre, fie prin alte metode. Dar v\u0103 promit c\u0103 Hezbollah va pl\u0103ti un pre\u021b mare\u201d.<\/p>\n<p>\u201eBarbaria islamului\u201d<\/p>\n<p>\u00cen continuare, Netanyahu a abordat problema \u201ebarbariei islamului extremist, at\u00e2t sunit, c\u00e2t \u0219i \u0219iit, care amenin\u021b\u0103 \u00eentreaga lume\u201d:<\/p>\n<p>\u201eNu putem considera c\u0103 aceast\u0103 problem\u0103 se va rezolva de la sine. V-am promis c\u0103 vom schimba \u00eentregul Orient Mijlociu \u2014 \u00een ceea ce prive\u0219te du\u0219manii \u0219i prietenii \u2014 \u0219i c\u0103 Israelul va fi mult mai puternic ca niciodat\u0103. Acest lucru este recunoscut acum de toat\u0103 lumea, inclusiv de vecinii no\u0219tri, at\u00e2t du\u0219mani, c\u00e2t \u0219i prieteni\u201d.<\/p>\n<p>\u201eAm primit o p\u0103pu\u0219\u0103 Bugs Bunny\u201d<\/p>\n<p>Netanyahu a comentat \u0219i acuza\u021biile de corup\u021bie care i se aduc, men\u021bion\u00e2nd c\u0103 <strong><a style=\"color: #ff0000\" href=\"https:\/\/www.mediafax.ro\/stirile-zilei\/trump-se-cearta-cu-presedintele-israelului-pentru-ca-nu-il-gratiaza-pe-netanyahu-este-slab-si-patetic-vreau-ca-bibi-sa-fie-concentrat-pe-razboi-23701277\">pre\u0219edintele Herzog<\/a><\/strong> nu l-a gra\u021biat nici m\u0103car la cererea pre\u0219edintelui SUA, Donald Trump. \u201eAm primit o p\u0103pu\u0219\u0103 Bugs Bunny \u0219i un pachet de trabucuri de la un prieten \u0219i sunt urm\u0103rit penal pentru asta ca \u0219i cum ar fi o mare afacere\u201d, a spus el, cu o not\u0103 de ironie.<\/p>\n<p>\u201eVom ajunge la \u00eentoarcerea lui Mesia\u201d<\/p>\n<p>\u00cen cadrul acelea\u0219i conferin\u021be, Netanyahu s-a l\u0103udat: \u201eVorbesc cu \u0219efi de stat care sunt uimi\u021bi de puterea \u0219i t\u0103ria noastr\u0103. Vor s\u0103 se apropie de noi \u0219i s\u0103 ne fie prieteni. Vom ajunge la \u00eentoarcerea lui Mesia, dar acest lucru nu se va \u00eent\u00e2mpla joia viitoare\u201d, a conchis el.<\/p>\n<p>\u00cen timpul discursului s\u0103u, sirenele de alarm\u0103 au \u00eenceput s\u0103 r\u0103sune \u00een Tel Aviv, semn c\u0103 un atac cu rachete din partea Iranului era \u00een desf\u0103\u0219urare.<\/p>\n","protected":false},"excerpt":{"rendered":"<p>\u201eEu \u0219i Trump discut\u0103m aproape zilnic, \u00eentr-un mod informal, ca \u0219i cum am fi la un bar\u201d, a declarat premierul israelian, Benjamin Netanyahu, \u00een prima sa conferin\u021b\u0103 de pres\u0103 extins\u0103 de la \u00eenceputul conflictului cu Iranul. Netanyahu a avut ca scop principal transmiterea unor mesaje clare c\u0103tre lumea musulman\u0103 \u0219i vecinii Israelului. \u201eNu a\u0219 emite [&hellip;]<\/p>\n","protected":false},"author":2,"featured_media":8175,"comment_status":"open","ping_status":"open","sticky":false,"template":"","format":"standard","meta":{"jnews-multi-image_gallery":[],"jnews_single_post":[],"jnews_primary_category":[],"jnews_override_counter":[],"footnotes":""},"categories":[41],"tags":[11029,684,2185,913,1339,7351,5320,1735],"class_list":["post-8174","post","type-post","status-publish","format-standard","has-post-thumbnail","hentry","category-externe","tag-asigurare","tag-conflict","tag-hezbollah","tag-iran","tag-lideri","tag-musulmani","tag-netanyahu","tag-trump"],"_links":{"self":[{"href":"https:\/\/www.newsrecorder.ro\/app\/wp-json\/wp\/v2\/posts\/8174","targetHints":{"allow":["GET"]}}],"collection":[{"href":"https:\/\/www.newsrecorder.ro\/app\/wp-json\/wp\/v2\/posts"}],"about":[{"href":"https:\/\/www.newsrecorder.ro\/app\/wp-json\/wp\/v2\/types\/post"}],"author":[{"embeddable":true,"href":"https:\/\/www.newsrecorder.ro\/app\/wp-json\/wp\/v2\/users\/2"}],"replies":[{"embeddable":true,"href":"https:\/\/www.newsrecorder.ro\/app\/wp-json\/wp\/v2\/comments?post=8174"}],"version-history":[{"count":0,"href":"https:\/\/www.newsrecorder.ro\/app\/wp-json\/wp\/v2\/posts\/8174\/revisions"}],"wp:featuredmedia":[{"embeddable":true,"href":"https:\/\/www.newsrecorder.ro\/app\/wp-json\/wp\/v2\/media\/8175"}],"wp:attachment":[{"href":"https:\/\/www.newsrecorder.ro\/app\/wp-json\/wp\/v2\/media?parent=8174"}],"wp:term":[{"taxonomy":"category","embeddable":true,"href":"https:\/\/www.newsrecorder.ro\/app\/wp-json\/wp\/v2\/categories?post=8174"},{"taxonomy":"post_tag","embeddable":true,"href":"https:\/\/www.newsrecorder.ro\/app\/wp-json\/wp\/v2\/tags?post=8174"}],"curies":[{"name":"wp","href":"https:\/\/api.w.org\/{rel}","templated":true}]}}