{"id":8188,"date":"2026-03-13T02:58:24","date_gmt":"2026-03-13T02:58:24","guid":{"rendered":"https:\/\/www.newsrecorder.ro\/app\/2026\/03\/13\/violente-intre-fanii-celta-vigo-si-olympique-lyon-detalii-socante\/"},"modified":"2026-03-13T02:58:24","modified_gmt":"2026-03-13T02:58:24","slug":"violente-intre-fanii-celta-vigo-si-olympique-lyon-detalii-socante","status":"publish","type":"post","link":"https:\/\/www.newsrecorder.ro\/app\/2026\/03\/13\/violente-intre-fanii-celta-vigo-si-olympique-lyon-detalii-socante\/","title":{"rendered":"Violente \u00eentre fanii Celta Vigo \u0219i Olympique Lyon: Detalii \u0219ocante!"},"content":{"rendered":"<p>Un incident violent a avut loc recent, implic\u00e2nd dou\u0103 grupuri de suporteri, conform unei purt\u0103toare de cuv\u00e2nt a poli\u021biei care a declarat pentru AFP c\u0103 mai multe persoane au fost \u201er\u0103nite\u201d u\u0219or, conform informa\u021biilor publicate de <a style=\"color: #0000ff\" href=\"https:\/\/www.lefigaro.fr\/sports\/football\/ligue-europa\/ligue-europa-affrontements-entre-supporters-du-celta-vigo-et-de-l-ol-plusieurs-blesses-legers-20260312\" target=\"_blank\" rel=\"noopener\">Le Figaro<\/a>.<\/p>\n<p>De\u0219i sursa nu a furnizat un num\u0103r exact al victimelor, s-a men\u021bionat c\u0103 r\u0103nile suferite erau \u00een principal \u201ede mici t\u0103ieturi\u201d. Incidentul a avut loc cu pu\u021bin \u00eenainte de miezul nop\u021bii, c\u00e2nd un grup de suporteri a fost atacat \u00eentr-un bar local.<\/p>\n<p>Responsabilul barului a relatat c\u0103 \u201eau spart geamurile \u0219i au aruncat cu artificii \u00een interior&#8230; Am sim\u021bit fric\u0103, panic\u0103. Pagubele sunt \u00een principal materiale\u201d, a declarat acesta pentru presa din Vigo.<\/p>\n<p>\u00cen reac\u021bie la evenimentele violente, Celta Vigo a emis un comunicat joi, \u00een care \u201econdamn\u0103 ferm orice tip de act violent, precum cel care a avut loc asear\u0103 pe o strad\u0103 din centrul ora\u0219ului \u00eempotriva suporterilor Olympique Lyonnais\u201d.<\/p>\n<p>Acest incident vine \u00een contextul \u00een care Celta Vigo \u0219i Olympique Lyon se vor confrunta joi seara \u00een optimile de final\u0103 ale Ligii Europa, aduc\u00e2nd o tensiune suplimentar\u0103 \u00een r\u00e2ndul suporterilor \u0219i al organizatorilor.<\/p>\n","protected":false},"excerpt":{"rendered":"<p>Un incident violent a avut loc recent, implic\u00e2nd dou\u0103 grupuri de suporteri, conform unei purt\u0103toare de cuv\u00e2nt a poli\u021biei care a declarat pentru AFP c\u0103 mai multe persoane au fost \u201er\u0103nite\u201d u\u0219or, conform informa\u021biilor publicate de Le Figaro. De\u0219i sursa nu a furnizat un num\u0103r exact al victimelor, s-a men\u021bionat c\u0103 r\u0103nile suferite erau \u00een [&hellip;]<\/p>\n","protected":false},"author":6,"featured_media":8189,"comment_status":"open","ping_status":"open","sticky":false,"template":"","format":"standard","meta":{"jnews-multi-image_gallery":[],"jnews_single_post":[],"jnews_primary_category":[],"jnews_override_counter":[],"footnotes":""},"categories":[46],"tags":[11043,11041,6279,1346,11042,505,11040,87],"class_list":["post-8188","post","type-post","status-publish","format-standard","has-post-thumbnail","hentry","category-sport","tag-acte-violente","tag-bar","tag-celta-vigo","tag-incident-violent","tag-olympique-lyonnais","tag-politie","tag-ranite","tag-suporteri"],"_links":{"self":[{"href":"https:\/\/www.newsrecorder.ro\/app\/wp-json\/wp\/v2\/posts\/8188","targetHints":{"allow":["GET"]}}],"collection":[{"href":"https:\/\/www.newsrecorder.ro\/app\/wp-json\/wp\/v2\/posts"}],"about":[{"href":"https:\/\/www.newsrecorder.ro\/app\/wp-json\/wp\/v2\/types\/post"}],"author":[{"embeddable":true,"href":"https:\/\/www.newsrecorder.ro\/app\/wp-json\/wp\/v2\/users\/6"}],"replies":[{"embeddable":true,"href":"https:\/\/www.newsrecorder.ro\/app\/wp-json\/wp\/v2\/comments?post=8188"}],"version-history":[{"count":0,"href":"https:\/\/www.newsrecorder.ro\/app\/wp-json\/wp\/v2\/posts\/8188\/revisions"}],"wp:featuredmedia":[{"embeddable":true,"href":"https:\/\/www.newsrecorder.ro\/app\/wp-json\/wp\/v2\/media\/8189"}],"wp:attachment":[{"href":"https:\/\/www.newsrecorder.ro\/app\/wp-json\/wp\/v2\/media?parent=8188"}],"wp:term":[{"taxonomy":"category","embeddable":true,"href":"https:\/\/www.newsrecorder.ro\/app\/wp-json\/wp\/v2\/categories?post=8188"},{"taxonomy":"post_tag","embeddable":true,"href":"https:\/\/www.newsrecorder.ro\/app\/wp-json\/wp\/v2\/tags?post=8188"}],"curies":[{"name":"wp","href":"https:\/\/api.w.org\/{rel}","templated":true}]}}