{"id":8216,"date":"2026-03-13T03:13:12","date_gmt":"2026-03-13T03:13:12","guid":{"rendered":"https:\/\/www.newsrecorder.ro\/app\/2026\/03\/13\/nawrocki-opreste-polonia-din-programul-safe-tusk-il-critica-dur\/"},"modified":"2026-03-13T03:13:12","modified_gmt":"2026-03-13T03:13:12","slug":"nawrocki-opreste-polonia-din-programul-safe-tusk-il-critica-dur","status":"publish","type":"post","link":"https:\/\/www.newsrecorder.ro\/app\/2026\/03\/13\/nawrocki-opreste-polonia-din-programul-safe-tusk-il-critica-dur\/","title":{"rendered":"Nawrocki opre\u0219te Polonia din programul SAFE: Tusk \u00eel critic\u0103 dur!"},"content":{"rendered":"<p>Pre\u0219edintele Poloniei, Karol Nawrocki, a decis s\u0103 se opun\u0103 unei legi esen\u021biale care ar fi garantat miliarde de euro din fondurile Uniunii Europene pentru consolidarea ap\u0103r\u0103rii na\u021bionale. El a justificat aceast\u0103 alegere prin faptul c\u0103 securitatea Poloniei nu trebuie s\u0103 fie influen\u021bat\u0103 de interese externe.<\/p>\n<p><em>\u201eSecuritatea Poloniei nu trebuie s\u0103 depind\u0103 de decizii str\u0103ine. Numai un popor care reu\u0219e\u0219te s\u0103-\u0219i asigure propria securitate r\u0103m\u00e2ne cu adev\u0103rat liber,\u201d<\/em> a declarat Nawrocki, conform publica\u021biei germane <a href=\"https:\/\/www.faz.net\/aktuell\/politik\/ausland\/polens-praesident-blockiert-eu-ruestungskredite-fuer-sein-land-200627991.html\" target=\"_blank\" rel=\"noopener\">FAZ<\/a>.<\/p>\n<p>Uniunea European\u0103 a pus la dispozi\u021bie \u00eemprumuturi cu dob\u00e2nd\u0103 redus\u0103 \u00een valoare de 150 de miliarde de euro prin programul SAFE, destinat \u00eembun\u0103t\u0103\u021birii capacit\u0103\u021bilor de ap\u0103rare ale statelor membre. Polonia urma s\u0103 beneficieze \u00een mod semnificativ, primind aproape 44 de miliarde de euro.<\/p>\n<p>La sf\u00e2r\u0219itul lunii februarie, parlamentul polonez a aprobat o lege care urma s\u0103 permit\u0103 accesarea acestor fonduri prin programul SAFE. Aceast\u0103 ini\u021biativ\u0103 a fost sus\u021binut\u0103 \u00een principal de coali\u021bia de centru-st\u00e2nga condus\u0103 de premierul Donald Tusk, care a subliniat c\u0103 peste 80% din fonduri ar fi fost investite \u00een contracte cu firmele poloneze de ap\u0103rare, beneficiind astfel 12.000 de companii locale.<\/p>\n<p>Cu toate acestea, pre\u0219edintele Nawrocki, cunoscut pentru vederile sale eurosceptice, a decis s\u0103 blocheze aceast\u0103 lege.<\/p>\n<p><em>\u201ePre\u0219edintele a ratat ocazia de a ac\u021biona ca un patriot,\u201d<\/em> a comentat Tusk pe platforma X, referindu-se la veto-ul impus de Nawrocki.<\/p>\n<p>Tusk a convocat o \u0219edin\u021b\u0103 extraordinar\u0103 a cabinetului de mini\u0219tri, programat\u0103 pentru vineri diminea\u021b\u0103, pentru a discuta despre aceast\u0103 situa\u021bie.<\/p>\n<p>Conflictul eviden\u021biaz\u0103 polarizarea din Var\u0219ovia, care a \u00eenceput odat\u0103 cu alegerea lui Nawrocki ca pre\u0219edinte \u00een 2025. De atunci, Polonia, esen\u021bial\u0103 \u00een UE \u0219i NATO, nu mai are o pozi\u021bie unitar\u0103 pe teme strategice, conform analizei publica\u021biei men\u021bionate.<\/p>\n<p>Acest aspect se datoreaz\u0103 sus\u021binerii pe care Nawrocki o prime\u0219te din partea partidului conservator de dreapta, PiS, \u00een timp ce premierul Tusk beneficiaz\u0103 de sprijinul unei opozi\u021bii politice.<\/p>\n<p>\u00cen ultimele s\u0103pt\u0103m\u00e2ni, liderul PiS, Jaroslaw Kaczynski, a desf\u0103\u0219urat o campanie \u00eempotriva programului SAFE, promov\u00e2nd o nara\u021biune anti-german\u0103. Kaczynski sus\u021bine c\u0103 programul de \u00eenarmare al UE este o strategie menit\u0103 s\u0103 \u00eent\u0103reasc\u0103 leg\u0103turile cu Uniunea European\u0103 sub influen\u021ba Germaniei, afirm\u00e2nd c\u0103 produc\u0103torii germani de armament ar fi principalii beneficiari. <em>\u201eEi propun o Polonie aflat\u0103 sub domina\u021bie german\u0103 \u0219i respingem aceast\u0103 domina\u021bie german\u0103,\u201d<\/em> a declarat Kaczynski.<\/p>\n<p>\u00cen \u00eencercarea de a refuza \u00eemprumuturile UE, dar totodat\u0103 de a continua investi\u021biile \u00een \u00eent\u0103rirea armatei poloneze, Nawrocki a propus recent un plan alternativ denumit \u201eSAFE 0%\u201d, dezvoltat \u00eempreun\u0103 cu guvernatorul B\u0103ncii Na\u021bionale a Poloniei, Adam Glapinski.<\/p>\n<p>Acest plan prevede finan\u021barea unui program de \u00eenarmare similar cu cel al UE, dar f\u0103r\u0103 dob\u00e2nd\u0103, utiliz\u00e2nd rezervele valutare \u0219i de aur ale B\u0103ncii Na\u021bionale. Detaliile acestui plan r\u0103m\u00e2n neclare, iar exper\u021bii financiari au avertizat cu privire la posibilele riscuri.<\/p>\n<p>Cu toate acestea, Nawrocki a afirmat c\u0103 acest proiect ar conduce la o \u201earmat\u0103 puternic\u0103, f\u0103r\u0103 datorii, pentru genera\u021biile viitoare\u201d. El a \u00eendemnat mini\u0219trii polonezi s\u0103 sus\u021bin\u0103 ini\u021biativa, \u00eens\u0103 implementarea acesteia necesit\u0103 aprobarea guvernului condus de Tusk, care a anun\u021bat deja c\u0103 nu va sprijini aceast\u0103 propunere.<\/p>\n","protected":false},"excerpt":{"rendered":"<p>Pre\u0219edintele Poloniei, Karol Nawrocki, a decis s\u0103 se opun\u0103 unei legi esen\u021biale care ar fi garantat miliarde de euro din fondurile Uniunii Europene pentru consolidarea ap\u0103r\u0103rii na\u021bionale. El a justificat aceast\u0103 alegere prin faptul c\u0103 securitatea Poloniei nu trebuie s\u0103 fie influen\u021bat\u0103 de interese externe. \u201eSecuritatea Poloniei nu trebuie s\u0103 depind\u0103 de decizii str\u0103ine. Numai [&hellip;]<\/p>\n","protected":false},"author":2,"featured_media":8217,"comment_status":"open","ping_status":"open","sticky":false,"template":"","format":"standard","meta":{"jnews-multi-image_gallery":[],"jnews_single_post":[],"jnews_primary_category":[],"jnews_override_counter":[],"footnotes":""},"categories":[39],"tags":[9936,2731,1695,5328,1032,2668,874,321],"class_list":["post-8216","post","type-post","status-publish","format-standard","has-post-thumbnail","hentry","category-stirile-zilei","tag-aparare-nationala","tag-fonduri","tag-imprumuturi","tag-karol-nawrocki","tag-polonia","tag-programul-safe","tag-securitate","tag-uniunea-europeana"],"_links":{"self":[{"href":"https:\/\/www.newsrecorder.ro\/app\/wp-json\/wp\/v2\/posts\/8216","targetHints":{"allow":["GET"]}}],"collection":[{"href":"https:\/\/www.newsrecorder.ro\/app\/wp-json\/wp\/v2\/posts"}],"about":[{"href":"https:\/\/www.newsrecorder.ro\/app\/wp-json\/wp\/v2\/types\/post"}],"author":[{"embeddable":true,"href":"https:\/\/www.newsrecorder.ro\/app\/wp-json\/wp\/v2\/users\/2"}],"replies":[{"embeddable":true,"href":"https:\/\/www.newsrecorder.ro\/app\/wp-json\/wp\/v2\/comments?post=8216"}],"version-history":[{"count":0,"href":"https:\/\/www.newsrecorder.ro\/app\/wp-json\/wp\/v2\/posts\/8216\/revisions"}],"wp:featuredmedia":[{"embeddable":true,"href":"https:\/\/www.newsrecorder.ro\/app\/wp-json\/wp\/v2\/media\/8217"}],"wp:attachment":[{"href":"https:\/\/www.newsrecorder.ro\/app\/wp-json\/wp\/v2\/media?parent=8216"}],"wp:term":[{"taxonomy":"category","embeddable":true,"href":"https:\/\/www.newsrecorder.ro\/app\/wp-json\/wp\/v2\/categories?post=8216"},{"taxonomy":"post_tag","embeddable":true,"href":"https:\/\/www.newsrecorder.ro\/app\/wp-json\/wp\/v2\/tags?post=8216"}],"curies":[{"name":"wp","href":"https:\/\/api.w.org\/{rel}","templated":true}]}}