{"id":8220,"date":"2026-03-13T03:13:43","date_gmt":"2026-03-13T03:13:43","guid":{"rendered":"https:\/\/www.newsrecorder.ro\/app\/2026\/03\/13\/titus-corlatean-isi-depune-candidatura-pentru-secretar-general-adjunct-al-ce\/"},"modified":"2026-03-13T03:13:43","modified_gmt":"2026-03-13T03:13:43","slug":"titus-corlatean-isi-depune-candidatura-pentru-secretar-general-adjunct-al-ce","status":"publish","type":"post","link":"https:\/\/www.newsrecorder.ro\/app\/2026\/03\/13\/titus-corlatean-isi-depune-candidatura-pentru-secretar-general-adjunct-al-ce\/","title":{"rendered":"Titus Corl\u0103\u021bean \u00ee\u0219i depune candidatura pentru Secretar general adjunct al CE!"},"content":{"rendered":"<p><em>\u201eAm decis s\u0103-mi depun candidatura pentru func\u021bia de Secretar General Adjunct al Consiliului Europei. De asemenea, am ob\u021binut sprijinul autorit\u0103\u021bilor rom\u00e2ne, ceea ce m-a surprins pl\u0103cut, av\u00e2nd \u00een vedere diferen\u021bele politico-ideologice. Le mul\u021bumesc pentru acest sprijin\u201d,<\/em> a declarat vineri senatorul Titus Corl\u0103\u021bean pe pagina sa de Facebook.<\/p>\n<p>Corl\u0103\u021bean a subliniat c\u0103 procesul candidaturii sale este unul complex. <em>\u201eEste o competi\u021bie (&#8230;) \u0219i nu una deloc simpl\u0103\u201d,<\/em> a ad\u0103ugat el, eviden\u021biind provoc\u0103rile cu care se confrunt\u0103.<\/p>\n<p>Senatorul PSD a pus accent pe vasta sa experien\u021b\u0103 \u00een domeniul politicii externe. <em>\u201eExist\u0103 mai multe candidaturi sus\u021binute de guverne ale unor state influente din Europa de Vest. Totu\u0219i, nu am ezit\u0103ri s\u0103 intru \u00een aceast\u0103 competi\u021bie; am argumentele mele profesionale, care reprezint\u0103 aproape 32 de ani de carier\u0103 \u00een politica extern\u0103 a Rom\u00e2niei, \u00een rela\u021biile europene, transatlantice \u0219i pe un plan multilateral mai larg. Dintre ace\u0219tia, 29 de ani sunt \u00een leg\u0103tur\u0103 direct\u0103 cu institu\u021biile, func\u021bionarea \u0219i competen\u021bele Consiliului Europei, cum ar fi democra\u021bia, statul de drept \u0219i drepturile omului\u201d,<\/em> a explicat Corl\u0103\u021bean.<\/p>\n<p>Termenul limit\u0103 pentru depunerea candidaturilor \u00een cadrul organiza\u021biei de la Strasbourg s-a \u00eencheiat, iar senatorul a men\u021bionat c\u0103 demersul s\u0103u ar putea reprezenta o oportunitate semnificativ\u0103 pentru Rom\u00e2nia. <em>\u201eVom vedea dac\u0103 argumentele legate de carier\u0103 \u0219i competen\u021b\u0103 vor prevala sau dac\u0103 vor conta influen\u021bele statale sau de alt\u0103 natur\u0103&#8230; \u00cen orice caz, aceasta este o oportunitate important\u0103 pentru Rom\u00e2nia, dac\u0103 se va concretiza\u201d,<\/em> a afirmat senatorul social-democrat.<\/p>\n<p>De asemenea, este important de men\u021bionat c\u0103 Titus Corl\u0103\u021bean a fost numit, \u00eencep\u00e2nd cu finalul lunii ianuarie, reprezentant al <a href=\"https:\/\/www.mediafax.ro\/politic\/senatorul-titus-corlatean-ales-ca-reprezentat-al-comisiei-de-la-venetia-cat-va-dura-mandatul-sau-23677410\" target=\"_blank\" rel=\"noopener\">Comisiei de la Vene\u021bia,<\/a> din partea Comisiei Adun\u0103rii Parlamentare a Consiliului Europei (APCE) pentru afaceri juridice \u0219i drepturile omului.<\/p>\n","protected":false},"excerpt":{"rendered":"<p>\u201eAm decis s\u0103-mi depun candidatura pentru func\u021bia de Secretar General Adjunct al Consiliului Europei. De asemenea, am ob\u021binut sprijinul autorit\u0103\u021bilor rom\u00e2ne, ceea ce m-a surprins pl\u0103cut, av\u00e2nd \u00een vedere diferen\u021bele politico-ideologice. Le mul\u021bumesc pentru acest sprijin\u201d, a declarat vineri senatorul Titus Corl\u0103\u021bean pe pagina sa de Facebook. Corl\u0103\u021bean a subliniat c\u0103 procesul candidaturii sale este [&hellip;]<\/p>\n","protected":false},"author":2,"featured_media":8221,"comment_status":"open","ping_status":"open","sticky":false,"template":"","format":"standard","meta":{"jnews-multi-image_gallery":[],"jnews_single_post":[],"jnews_primary_category":[],"jnews_override_counter":[],"footnotes":""},"categories":[39],"tags":[3434,56,4300,11081,380,11079,11080,11078],"class_list":["post-8220","post","type-post","status-publish","format-standard","has-post-thumbnail","hentry","category-stirile-zilei","tag-candidatura","tag-competitie","tag-consiliul-europei","tag-experienta-profesionala","tag-politica-externa","tag-secretar-general-adjunct","tag-sprijin-autoritati","tag-titus-corlatean"],"_links":{"self":[{"href":"https:\/\/www.newsrecorder.ro\/app\/wp-json\/wp\/v2\/posts\/8220","targetHints":{"allow":["GET"]}}],"collection":[{"href":"https:\/\/www.newsrecorder.ro\/app\/wp-json\/wp\/v2\/posts"}],"about":[{"href":"https:\/\/www.newsrecorder.ro\/app\/wp-json\/wp\/v2\/types\/post"}],"author":[{"embeddable":true,"href":"https:\/\/www.newsrecorder.ro\/app\/wp-json\/wp\/v2\/users\/2"}],"replies":[{"embeddable":true,"href":"https:\/\/www.newsrecorder.ro\/app\/wp-json\/wp\/v2\/comments?post=8220"}],"version-history":[{"count":0,"href":"https:\/\/www.newsrecorder.ro\/app\/wp-json\/wp\/v2\/posts\/8220\/revisions"}],"wp:featuredmedia":[{"embeddable":true,"href":"https:\/\/www.newsrecorder.ro\/app\/wp-json\/wp\/v2\/media\/8221"}],"wp:attachment":[{"href":"https:\/\/www.newsrecorder.ro\/app\/wp-json\/wp\/v2\/media?parent=8220"}],"wp:term":[{"taxonomy":"category","embeddable":true,"href":"https:\/\/www.newsrecorder.ro\/app\/wp-json\/wp\/v2\/categories?post=8220"},{"taxonomy":"post_tag","embeddable":true,"href":"https:\/\/www.newsrecorder.ro\/app\/wp-json\/wp\/v2\/tags?post=8220"}],"curies":[{"name":"wp","href":"https:\/\/api.w.org\/{rel}","templated":true}]}}