{"id":8232,"date":"2026-03-13T13:27:16","date_gmt":"2026-03-13T13:27:16","guid":{"rendered":"https:\/\/www.newsrecorder.ro\/app\/2026\/03\/13\/romania-se-alatura-ue-in-impunerea-de-restrictii-pentru-veteranii-rusi\/"},"modified":"2026-03-13T13:27:16","modified_gmt":"2026-03-13T13:27:16","slug":"romania-se-alatura-ue-in-impunerea-de-restrictii-pentru-veteranii-rusi","status":"publish","type":"post","link":"https:\/\/www.newsrecorder.ro\/app\/2026\/03\/13\/romania-se-alatura-ue-in-impunerea-de-restrictii-pentru-veteranii-rusi\/","title":{"rendered":"Rom\u00e2nia se al\u0103tur\u0103 UE \u00een impunerea de restric\u021bii pentru veteranii ru\u0219i"},"content":{"rendered":"<p style=\"text-align: left\">Rom\u00e2nia se num\u0103r\u0103 printre \u021b\u0103rile Uniunii Europene care solicit\u0103 o str\u00e2ngere a regulilor privind acordarea vizelor pentru cet\u0103\u021benii ru\u0219i care au participat la conflictul din Ucraina, av\u00e2nd \u00een vedere riscurile de securitate pentru spa\u021biul Schengen.<\/p>\n<p style=\"text-align: left\">\u00centr-o scrisoare adresat\u0103 pre\u0219edintelui Consiliului European, Ant\u00f3nio Costa, \u0219i pre\u0219edintei Comisiei Europene, Ursula von der Leyen, opt lideri europeni subliniaz\u0103 c\u0103 r\u0103zboiul din Ucraina, ini\u021biat de Rusia, ar putea genera riscuri semnificative pentru securitatea intern\u0103 a statelor membre ale Uniunii.<\/p>\n<p style=\"text-align: left\">Conform <a href=\"https:\/\/www.politico.eu\/article\/eu-leaders-visa-crackdown-russian-war-veterans\/\" target=\"_blank\" rel=\"noopener\">Politico<\/a>, semnatarii scrisorii sunt \u00eengrijora\u021bi c\u0103 militarii ru\u0219i care s-au \u00eentors din misiuni sau care au fost recruta\u021bi din \u00eenchisori ar putea dori s\u0103 c\u0103l\u0103toreasc\u0103 \u00een Uniunea European\u0103. Ace\u0219tia avertizeaz\u0103 c\u0103 astfel de deplas\u0103ri ar putea contribui la cre\u0219terea criminalit\u0103\u021bii organizate, a infrac\u021biunilor violente \u0219i a activit\u0103\u021bilor ostile din partea statului rus.<\/p>\n<p style=\"text-align: left\">Liderii europeni subliniaz\u0103, de asemenea, c\u0103 num\u0103rul cererilor de viz\u0103 depuse de cet\u0103\u021benii ru\u0219i r\u0103m\u00e2ne semnificativ. Estim\u0103rile din sectorul turismului arat\u0103 c\u0103, \u00een 2025, \u00eentre 620.000 \u0219i 670.000 de cereri de viz\u0103 Schengen au fost depuse de ru\u0219i, ceea ce \u00eei plaseaz\u0103 printre primele cinci na\u021bionalit\u0103\u021bi care solicit\u0103 accesul \u00een UE. Aproape patru din cinci solicitan\u021bi au ob\u021binut viza.<\/p>\n<p style=\"text-align: left\">\u201eOrice intrare poate avea, prin urmare, consecin\u021be grave pentru securitatea unui stat membru sau a \u00eentregii zone Schengen\u201d, se men\u021bioneaz\u0103 \u00een documentul adresat institu\u021biilor europene.<\/p>\n<p style=\"text-align: left\">Aceast\u0103 ini\u021biativ\u0103 prime\u0219te sprijinul Germaniei \u0219i Poloniei, dar \u0219i al Estoniei, Finlandei, Letoniei, Lituaniei, Rom\u00e2niei \u0219i Suediei. Liderii acestor \u021b\u0103ri solicit\u0103 Comisiei Europene s\u0103 elaboreze restric\u021bii de viz\u0103 specifice \u0219i s\u0103 examineze posibile modific\u0103ri ale reglement\u0103rilor europene care s\u0103 permit\u0103 instituirea unor interdic\u021bii coordonate de intrare.<\/p>\n<p style=\"text-align: left\">\u00cen ultimii ani, Uniunea European\u0103 a adoptat deja m\u0103suri mai stricte \u00een ceea ce prive\u0219te acordarea vizelor pentru cet\u0103\u021benii ru\u0219i, majoritatea vizelor fiind emise pentru perioade mai scurte \u0219i cu valabilitate limitat\u0103.<\/p>\n","protected":false},"excerpt":{"rendered":"<p>Rom\u00e2nia se num\u0103r\u0103 printre \u021b\u0103rile Uniunii Europene care solicit\u0103 o str\u00e2ngere a regulilor privind acordarea vizelor pentru cet\u0103\u021benii ru\u0219i care au participat la conflictul din Ucraina, av\u00e2nd \u00een vedere riscurile de securitate pentru spa\u021biul Schengen. \u00centr-o scrisoare adresat\u0103 pre\u0219edintelui Consiliului European, Ant\u00f3nio Costa, \u0219i pre\u0219edintei Comisiei Europene, Ursula von der Leyen, opt lideri europeni subliniaz\u0103 [&hellip;]<\/p>\n","protected":false},"author":2,"featured_media":8233,"comment_status":"open","ping_status":"open","sticky":false,"template":"","format":"standard","meta":{"jnews-multi-image_gallery":[],"jnews_single_post":[],"jnews_primary_category":[],"jnews_override_counter":[],"footnotes":""},"categories":[41],"tags":[11090,802,7052,1336,11092,11091,321,8923],"class_list":["post-8232","post","type-post","status-publish","format-standard","has-post-thumbnail","hentry","category-externe","tag-cetateni-rusi","tag-conflict-ucraina","tag-criminalitate-organizata","tag-lideri-europeni","tag-riscuri-de-securitate","tag-securitate-schengen","tag-uniunea-europeana","tag-vize"],"_links":{"self":[{"href":"https:\/\/www.newsrecorder.ro\/app\/wp-json\/wp\/v2\/posts\/8232","targetHints":{"allow":["GET"]}}],"collection":[{"href":"https:\/\/www.newsrecorder.ro\/app\/wp-json\/wp\/v2\/posts"}],"about":[{"href":"https:\/\/www.newsrecorder.ro\/app\/wp-json\/wp\/v2\/types\/post"}],"author":[{"embeddable":true,"href":"https:\/\/www.newsrecorder.ro\/app\/wp-json\/wp\/v2\/users\/2"}],"replies":[{"embeddable":true,"href":"https:\/\/www.newsrecorder.ro\/app\/wp-json\/wp\/v2\/comments?post=8232"}],"version-history":[{"count":0,"href":"https:\/\/www.newsrecorder.ro\/app\/wp-json\/wp\/v2\/posts\/8232\/revisions"}],"wp:featuredmedia":[{"embeddable":true,"href":"https:\/\/www.newsrecorder.ro\/app\/wp-json\/wp\/v2\/media\/8233"}],"wp:attachment":[{"href":"https:\/\/www.newsrecorder.ro\/app\/wp-json\/wp\/v2\/media?parent=8232"}],"wp:term":[{"taxonomy":"category","embeddable":true,"href":"https:\/\/www.newsrecorder.ro\/app\/wp-json\/wp\/v2\/categories?post=8232"},{"taxonomy":"post_tag","embeddable":true,"href":"https:\/\/www.newsrecorder.ro\/app\/wp-json\/wp\/v2\/tags?post=8232"}],"curies":[{"name":"wp","href":"https:\/\/api.w.org\/{rel}","templated":true}]}}