{"id":8250,"date":"2026-03-13T15:09:13","date_gmt":"2026-03-13T15:09:13","guid":{"rendered":"https:\/\/www.newsrecorder.ro\/app\/2026\/03\/13\/iranul-raspunde-lui-trump-echipa-nationala-nu-poate-fi-exclusa\/"},"modified":"2026-03-13T15:09:13","modified_gmt":"2026-03-13T15:09:13","slug":"iranul-raspunde-lui-trump-echipa-nationala-nu-poate-fi-exclusa","status":"publish","type":"post","link":"https:\/\/www.newsrecorder.ro\/app\/2026\/03\/13\/iranul-raspunde-lui-trump-echipa-nationala-nu-poate-fi-exclusa\/","title":{"rendered":"Iranul r\u0103spunde lui Trump: \u201eEchipa na\u021bional\u0103 nu poate fi exclus\u0103!\u201d"},"content":{"rendered":"<p style=\"text-align: left\">Reprezentativa na\u021bional\u0103 de fotbal a Iranului a reac\u021bionat cu fermitate la comentariile pre\u0219edintelui american, f\u0103cute joi, cu privire la implicarea echipei iraniene la Cupa Mondial\u0103 din 2026. \u00centr-un comunicat publicat pe re\u021belele lor sociale, ace\u0219tia au subliniat c\u0103 nimeni nu are autoritatea s\u0103 decid\u0103 excluderea sa din competi\u021bie, eviden\u021biind faptul c\u0103 turneul este organizat de FIFA, nu de un stat sau un lider politic.<\/p>\n<p style=\"text-align: left\">\u201eCupa Mondial\u0103 este un eveniment istoric \u0219i interna\u021bional, iar organiza\u021bia care o conduce este FIFA \u2013 nu un individ sau o \u021bar\u0103. Iranul a fost una dintre primele echipe care s-au calificat la aceast\u0103 competi\u021bie\u201d, se arat\u0103 \u00een mesajul echipei, conform <a href=\"https:\/\/www.lefigaro.fr\/sports\/football\/coupe-du-monde\/coupe-du-monde-personne-ne-peut-exclure-l-equipe-nationale-l-iran-repond-a-donald-trump-et-tacle-les-etats-unis-20260313\" target=\"_blank\" rel=\"noopener\">Le Figaro<\/a>.<\/p>\n<p style=\"text-align: left\">\u00cen continuarea declaratului, \u201eTeam Melli\u201d, a\u0219a cum este cunoscut\u0103 echipa na\u021bional\u0103 a Iranului, a subliniat c\u0103 participarea la competi\u021bie nu poate fi dictat\u0103 de un stat gazd\u0103. Ace\u0219tia au f\u0103cut referire la responsabilit\u0103\u021bile organizatorilor \u00een asigurarea securit\u0103\u021bii turneului.<\/p>\n<p style=\"text-align: left\">\u201eNimeni nu poate exclude echipa na\u021bional\u0103 iranian\u0103 de la Cupa Mondial\u0103. Singura \u021bar\u0103 care ar putea fi exclus\u0103 este cea care de\u021bine statutul de gazd\u0103, \u00een cazul \u00een care nu reu\u0219e\u0219te s\u0103 asigure securitatea echipelor participante la acest eveniment global\u201d, a ad\u0103ugat reprezentativa iranian\u0103.<\/p>\n<p style=\"text-align: left\">\u00centr-un mesaj pe re\u021beaua sa Truth Social, Donald Trump a comentat subiectul particip\u0103rii Iranului la turneul final, care va avea loc \u00een Statele Unite, Canada \u0219i Mexic. Liderul american a afirmat c\u0103 echipa iranian\u0103 este binevenit\u0103, dar a ridicat semne de \u00eentrebare cu privire la posibilele probleme de securitate pe care prezen\u021ba lor le-ar putea genera.<\/p>\n<p style=\"text-align: left\">\u201eEchipa na\u021bional\u0103 a Iranului este binevenit\u0103 la Cupa Mondial\u0103, dar sincer nu cred c\u0103 prezen\u021ba lor este potrivit\u0103, av\u00e2nd \u00een vedere propria lor via\u021b\u0103 \u0219i siguran\u021b\u0103\u201d, a scris Trump \u00een postarea sa.<\/p>\n<p style=\"text-align: left\">Iranul a fost alocat \u00een grupa G a competi\u021biei, av\u00e2nd programate meciuri \u00eempotriva Belgiei, Egiptului \u0219i Noii Zeelande. Partidele din faza grupelor se vor desf\u0103\u0219ura pe teritoriul Statelor Unite, la Los Angeles, unde echipa iranian\u0103 va juca dou\u0103 meciuri, \u0219i la Seattle, unde va avea loc un alt meci. De asemenea, baza de preg\u0103tire a echipei pentru turneu va fi stabilit\u0103 \u00een Tucson, Arizona.<\/p>\n","protected":false},"excerpt":{"rendered":"<p>Reprezentativa na\u021bional\u0103 de fotbal a Iranului a reac\u021bionat cu fermitate la comentariile pre\u0219edintelui american, f\u0103cute joi, cu privire la implicarea echipei iraniene la Cupa Mondial\u0103 din 2026. \u00centr-un comunicat publicat pe re\u021belele lor sociale, ace\u0219tia au subliniat c\u0103 nimeni nu are autoritatea s\u0103 decid\u0103 excluderea sa din competi\u021bie, eviden\u021biind faptul c\u0103 turneul este organizat de [&hellip;]<\/p>\n","protected":false},"author":6,"featured_media":8251,"comment_status":"open","ping_status":"open","sticky":false,"template":"","format":"standard","meta":{"jnews-multi-image_gallery":[],"jnews_single_post":[],"jnews_primary_category":[],"jnews_override_counter":[],"footnotes":""},"categories":[46],"tags":[56,2555,5180,1115,89,913,11110,11109],"class_list":["post-8250","post","type-post","status-publish","format-standard","has-post-thumbnail","hentry","category-sport","tag-competitie","tag-cupa-mondiala","tag-declaratie","tag-fifa","tag-fotbal","tag-iran","tag-presedinte-american","tag-team-melli"],"_links":{"self":[{"href":"https:\/\/www.newsrecorder.ro\/app\/wp-json\/wp\/v2\/posts\/8250","targetHints":{"allow":["GET"]}}],"collection":[{"href":"https:\/\/www.newsrecorder.ro\/app\/wp-json\/wp\/v2\/posts"}],"about":[{"href":"https:\/\/www.newsrecorder.ro\/app\/wp-json\/wp\/v2\/types\/post"}],"author":[{"embeddable":true,"href":"https:\/\/www.newsrecorder.ro\/app\/wp-json\/wp\/v2\/users\/6"}],"replies":[{"embeddable":true,"href":"https:\/\/www.newsrecorder.ro\/app\/wp-json\/wp\/v2\/comments?post=8250"}],"version-history":[{"count":0,"href":"https:\/\/www.newsrecorder.ro\/app\/wp-json\/wp\/v2\/posts\/8250\/revisions"}],"wp:featuredmedia":[{"embeddable":true,"href":"https:\/\/www.newsrecorder.ro\/app\/wp-json\/wp\/v2\/media\/8251"}],"wp:attachment":[{"href":"https:\/\/www.newsrecorder.ro\/app\/wp-json\/wp\/v2\/media?parent=8250"}],"wp:term":[{"taxonomy":"category","embeddable":true,"href":"https:\/\/www.newsrecorder.ro\/app\/wp-json\/wp\/v2\/categories?post=8250"},{"taxonomy":"post_tag","embeddable":true,"href":"https:\/\/www.newsrecorder.ro\/app\/wp-json\/wp\/v2\/tags?post=8250"}],"curies":[{"name":"wp","href":"https:\/\/api.w.org\/{rel}","templated":true}]}}