{"id":8262,"date":"2026-03-13T15:11:19","date_gmt":"2026-03-13T15:11:19","guid":{"rendered":"https:\/\/www.newsrecorder.ro\/app\/2026\/03\/13\/sua-revizuire-drastica-in-scadere-a-cresterii-economice\/"},"modified":"2026-03-13T15:11:19","modified_gmt":"2026-03-13T15:11:19","slug":"sua-revizuire-drastica-in-scadere-a-cresterii-economice","status":"publish","type":"post","link":"https:\/\/www.newsrecorder.ro\/app\/2026\/03\/13\/sua-revizuire-drastica-in-scadere-a-cresterii-economice\/","title":{"rendered":"SUA: Revizuire drastic\u0103 \u00een sc\u0103dere a cre\u0219terii economice!"},"content":{"rendered":"<p>Revizuirea recent\u0103 care indic\u0103 o sc\u0103dere a activit\u0103\u021bii economice a surprins pie\u021bele, care se a\u0219teptau la o revizuire u\u0219or pozitiv\u0103, conform consensului publicat de MarketWatch, citat de <a href=\"https:\/\/www.lefigaro.fr\/conjoncture\/la-croissance-americaine-nettement-revue-a-la-baisse-au-dernier-trimestre-2025-20260313\" target=\"_blank\" rel=\"noopener\">Le Figaro<\/a>. Biroul de Analiz\u0103 Economic\u0103 (BEA), agen\u021bia responsabil\u0103 pentru acest raport, a subliniat c\u0103 nivelurile anterioare ale exporturilor, consumului, investi\u021biilor \u0219i cheltuielilor guvernamentale au fost \u00een mod evident supraestimate.<\/p>\n<p>\u00cen Statele Unite, accentul se pune pe rata anualizat\u0103, care reflect\u0103 schimb\u0103rile observate \u00een cadrul trimestrului, proiectate pe \u00eentreg anul.<\/p>\n<p>\u00cen acest context, fostul pre\u0219edinte Donald Trump a reac\u021bionat vehement la estimarea ini\u021bial\u0103, publicat\u0103 pe 20 februarie, care a generat nelini\u0219te \u00een r\u00e2ndul sus\u021bin\u0103torilor s\u0103i, fiind semnificativ mai mic\u0103 dec\u00e2t performan\u021bele \u00eenregistrate \u00een cele dou\u0103 trimestre anterioare. Trump a folosit re\u021beaua sa de socializare, Truth, pentru a critica opozi\u021bia democrat\u0103, pe care a acuzat-o de responsabilitate pentru aceast\u0103 sc\u0103dere economic\u0103. Tensiunile dintre democra\u021bi \u0219i republicani, \u00een special pe tema bugetului anual, au dus la cea mai lung\u0103 \u00eenchidere a guvernului din istoria \u021b\u0103rii, petrecut\u0103 \u00een toamn\u0103.<\/p>\n<p>Pe l\u00e2ng\u0103 aceste aspecte, Biroul de Analiz\u0103 Economic\u0103 a anun\u021bat \u0219i indicele infla\u021biei PCE pentru luna ianuarie. De\u0219i a \u00eenregistrat o u\u0219oar\u0103 \u00eencetinire, ajung\u00e2nd la 2,8% comparativ cu anul precedent (fa\u021b\u0103 de 2,9% \u00een decembrie), acest indice r\u0103m\u00e2ne peste \u021binta de 2% stabilit\u0103 de Rezerva Federal\u0103 (Fed). Este important de men\u021bionat c\u0103 infla\u021bia de baz\u0103, care exclude pre\u021burile volatile ale energiei \u0219i alimentelor, a crescut \u00een ianuarie, ating\u00e2nd 3,1%, comparativ cu 3% \u00een luna anterioar\u0103. Anali\u0219tii prev\u0103d c\u0103 infla\u021bia ar putea continua s\u0103 creasc\u0103, influen\u021bat\u0103 de impactul conflictului din Orientul Mijlociu asupra pre\u021burilor la energie \u0219i costurilor de produc\u021bie.<\/p>\n","protected":false},"excerpt":{"rendered":"<p>Revizuirea recent\u0103 care indic\u0103 o sc\u0103dere a activit\u0103\u021bii economice a surprins pie\u021bele, care se a\u0219teptau la o revizuire u\u0219or pozitiv\u0103, conform consensului publicat de MarketWatch, citat de Le Figaro. Biroul de Analiz\u0103 Economic\u0103 (BEA), agen\u021bia responsabil\u0103 pentru acest raport, a subliniat c\u0103 nivelurile anterioare ale exporturilor, consumului, investi\u021biilor \u0219i cheltuielilor guvernamentale au fost \u00een mod [&hellip;]<\/p>\n","protected":false},"author":4,"featured_media":8263,"comment_status":"open","ping_status":"open","sticky":false,"template":"","format":"standard","meta":{"jnews-multi-image_gallery":[],"jnews_single_post":[],"jnews_primary_category":[],"jnews_override_counter":[],"footnotes":""},"categories":[40],"tags":[11121,11122,3479,469,420,11050,701,1735],"class_list":["post-8262","post","type-post","status-publish","format-standard","has-post-thumbnail","hentry","category-econonie","tag-activitate-economica","tag-cheltuieli-guvernamentale","tag-consum","tag-exporturi","tag-investitii","tag-piete","tag-scadere","tag-trump"],"_links":{"self":[{"href":"https:\/\/www.newsrecorder.ro\/app\/wp-json\/wp\/v2\/posts\/8262","targetHints":{"allow":["GET"]}}],"collection":[{"href":"https:\/\/www.newsrecorder.ro\/app\/wp-json\/wp\/v2\/posts"}],"about":[{"href":"https:\/\/www.newsrecorder.ro\/app\/wp-json\/wp\/v2\/types\/post"}],"author":[{"embeddable":true,"href":"https:\/\/www.newsrecorder.ro\/app\/wp-json\/wp\/v2\/users\/4"}],"replies":[{"embeddable":true,"href":"https:\/\/www.newsrecorder.ro\/app\/wp-json\/wp\/v2\/comments?post=8262"}],"version-history":[{"count":0,"href":"https:\/\/www.newsrecorder.ro\/app\/wp-json\/wp\/v2\/posts\/8262\/revisions"}],"wp:featuredmedia":[{"embeddable":true,"href":"https:\/\/www.newsrecorder.ro\/app\/wp-json\/wp\/v2\/media\/8263"}],"wp:attachment":[{"href":"https:\/\/www.newsrecorder.ro\/app\/wp-json\/wp\/v2\/media?parent=8262"}],"wp:term":[{"taxonomy":"category","embeddable":true,"href":"https:\/\/www.newsrecorder.ro\/app\/wp-json\/wp\/v2\/categories?post=8262"},{"taxonomy":"post_tag","embeddable":true,"href":"https:\/\/www.newsrecorder.ro\/app\/wp-json\/wp\/v2\/tags?post=8262"}],"curies":[{"name":"wp","href":"https:\/\/api.w.org\/{rel}","templated":true}]}}