{"id":8300,"date":"2026-03-13T19:06:50","date_gmt":"2026-03-13T19:06:50","guid":{"rendered":"https:\/\/www.newsrecorder.ro\/app\/2026\/03\/13\/prognoza-meteo-pentru-mucenici-ce-ne-asteapta-in-capitala-2\/"},"modified":"2026-03-13T19:06:50","modified_gmt":"2026-03-13T19:06:50","slug":"prognoza-meteo-pentru-mucenici-ce-ne-asteapta-in-capitala-2","status":"publish","type":"post","link":"https:\/\/www.newsrecorder.ro\/app\/2026\/03\/13\/prognoza-meteo-pentru-mucenici-ce-ne-asteapta-in-capitala-2\/","title":{"rendered":"Prognoza meteo pentru Mucenici: Ce ne a\u0219teapt\u0103 \u00een Capital\u0103?"},"content":{"rendered":"<p>\u00cen intervalul 8 martie, ora 10:00 p\u00e2n\u0103 pe 9 martie, ora 08:00, ne a\u0219tept\u0103m la valori de temperatur\u0103 care vor dep\u0103\u0219i mediile multianuale. Vremea va fi variabil\u0103, iar v\u00e2ntul va avea intensitate slab\u0103 p\u00e2n\u0103 la moderat\u0103. Temperaturile maxime se vor \u00eencadra \u00eentre 12 \u0219i 13 grade Celsius, \u00een timp ce temperaturile minime vor varia \u00eentre -2 \u0219i 1 grad Celsius.<\/p>\n<p>\u00cen data de 9 martie, meteorologii prognozeaz\u0103 un cer predominant senin, \u00eenso\u021bit de v\u00e2nt slab p\u00e2n\u0103 la moderat. Temperatura maxim\u0103 va fi \u00een jur de 12 grade, iar minima va fluctua \u00eentre -1 \u0219i 1 grad Celsius.<\/p>\n<p>Ziua de 10 martie va continua cu un cer majoritar senin \u0219i v\u00e2nt slab p\u00e2n\u0103 la moderat. Se estimeaz\u0103 c\u0103 temperatura maxim\u0103 va atinge aproximativ 14 grade Celsius.<\/p>\n","protected":false},"excerpt":{"rendered":"<p>\u00cen intervalul 8 martie, ora 10:00 p\u00e2n\u0103 pe 9 martie, ora 08:00, ne a\u0219tept\u0103m la valori de temperatur\u0103 care vor dep\u0103\u0219i mediile multianuale. Vremea va fi variabil\u0103, iar v\u00e2ntul va avea intensitate slab\u0103 p\u00e2n\u0103 la moderat\u0103. Temperaturile maxime se vor \u00eencadra \u00eentre 12 \u0219i 13 grade Celsius, \u00een timp ce temperaturile minime vor varia \u00eentre [&hellip;]<\/p>\n","protected":false},"author":5,"featured_media":8301,"comment_status":"open","ping_status":"open","sticky":false,"template":"","format":"standard","meta":{"jnews-multi-image_gallery":[],"jnews_single_post":[],"jnews_primary_category":[],"jnews_override_counter":[],"footnotes":""},"categories":[45],"tags":[10128,5163,198,199,132,3162,137,125],"class_list":["post-8300","post","type-post","status-publish","format-standard","has-post-thumbnail","hentry","category-meteo","tag-cer-senin","tag-martie","tag-maxime","tag-minime","tag-prognoza","tag-temperatura","tag-vant","tag-vreme"],"_links":{"self":[{"href":"https:\/\/www.newsrecorder.ro\/app\/wp-json\/wp\/v2\/posts\/8300","targetHints":{"allow":["GET"]}}],"collection":[{"href":"https:\/\/www.newsrecorder.ro\/app\/wp-json\/wp\/v2\/posts"}],"about":[{"href":"https:\/\/www.newsrecorder.ro\/app\/wp-json\/wp\/v2\/types\/post"}],"author":[{"embeddable":true,"href":"https:\/\/www.newsrecorder.ro\/app\/wp-json\/wp\/v2\/users\/5"}],"replies":[{"embeddable":true,"href":"https:\/\/www.newsrecorder.ro\/app\/wp-json\/wp\/v2\/comments?post=8300"}],"version-history":[{"count":0,"href":"https:\/\/www.newsrecorder.ro\/app\/wp-json\/wp\/v2\/posts\/8300\/revisions"}],"wp:featuredmedia":[{"embeddable":true,"href":"https:\/\/www.newsrecorder.ro\/app\/wp-json\/wp\/v2\/media\/8301"}],"wp:attachment":[{"href":"https:\/\/www.newsrecorder.ro\/app\/wp-json\/wp\/v2\/media?parent=8300"}],"wp:term":[{"taxonomy":"category","embeddable":true,"href":"https:\/\/www.newsrecorder.ro\/app\/wp-json\/wp\/v2\/categories?post=8300"},{"taxonomy":"post_tag","embeddable":true,"href":"https:\/\/www.newsrecorder.ro\/app\/wp-json\/wp\/v2\/tags?post=8300"}],"curies":[{"name":"wp","href":"https:\/\/api.w.org\/{rel}","templated":true}]}}