{"id":8304,"date":"2026-03-13T19:07:24","date_gmt":"2026-03-13T19:07:24","guid":{"rendered":"https:\/\/www.newsrecorder.ro\/app\/2026\/03\/13\/vremea-de-8-martie-ce-surprize-ne-rezerva-in-bucuresti-si-tara\/"},"modified":"2026-03-13T19:07:24","modified_gmt":"2026-03-13T19:07:24","slug":"vremea-de-8-martie-ce-surprize-ne-rezerva-in-bucuresti-si-tara","status":"publish","type":"post","link":"https:\/\/www.newsrecorder.ro\/app\/2026\/03\/13\/vremea-de-8-martie-ce-surprize-ne-rezerva-in-bucuresti-si-tara\/","title":{"rendered":"Vremea de 8 Martie: Ce surprize ne rezerv\u0103 \u00een Bucure\u0219ti \u0219i \u021bar\u0103?"},"content":{"rendered":"<p>Administra\u021bia Na\u021bional\u0103 de Meteorologie (ANM) a anun\u021bat c\u0103 vremea de 8 Martie se va prezenta sub cele mai favorabile auspici, cu temperaturi ce dep\u0103\u0219esc normele obi\u0219nuite pentru aceast\u0103 perioad\u0103 a anului. \u00cen anumite zone ale \u021b\u0103rii, se estimeaz\u0103 c\u0103 mercurul va urca p\u00e2n\u0103 la 17 grade Celsius.<\/p>\n<p>\u00cen intervalul de timp cuprins \u00eentre duminic\u0103, 8 martie, ora 9:00 \u0219i luni, 9 martie, ora 9:00, \u00een regiunile sudice \u0219i sud-estice, cerul va fi variabil, cu posibilitatea apari\u021biei ce\u021bii \u00een prima parte a zilei \u0219i din nou pe parcursul nop\u021bii. \u00cen restul \u021b\u0103rii, vremea se va men\u021bine predominant senin\u0103.<\/p>\n<p>Conform informa\u021biilor furnizate de ANM, v\u00e2ntul va avea o intensitate slab\u0103 p\u00e2n\u0103 la moderat\u0103, cu unele intensific\u0103ri temporare, \u00een special \u00een sudul Banatului, unde rafalele vor atinge viteze de aproximativ 50-55 km\/h.<\/p>\n<p>Temperaturile maxime se vor situa \u00eentre 7 \u0219i 17 grade, \u00een timp ce temperaturile minime vor varia de la -8 grade \u00een depresiunile Carpa\u021bilor Orientali, p\u00e2n\u0103 la 7 grade \u00een sudul Banatului.<\/p>\n<p><strong>Vremea \u00een Capital\u0103<\/strong><\/p>\n<p>\u00cen aceea\u0219i perioad\u0103, vremea \u00een Bucure\u0219ti va fi pl\u0103cut\u0103, cu valori termice ce se vor plasa peste mediile multianuale. \u00cen primele ore ale zilei, atmosfera va fi r\u0103coroas\u0103, iar temperaturile minime se vor \u00eencadra \u00eentre -1 \u0219i 1 grad Celsius.<\/p>\n<p>P pe parcursul zilei, v\u00e2ntul va continua s\u0103 sufla slab \u0219i moderat, iar temperatura maxim\u0103 va atinge niveluri de 12-13 grade Celsius.<\/p>\n","protected":false},"excerpt":{"rendered":"<p>Administra\u021bia Na\u021bional\u0103 de Meteorologie (ANM) a anun\u021bat c\u0103 vremea de 8 Martie se va prezenta sub cele mai favorabile auspici, cu temperaturi ce dep\u0103\u0219esc normele obi\u0219nuite pentru aceast\u0103 perioad\u0103 a anului. \u00cen anumite zone ale \u021b\u0103rii, se estimeaz\u0103 c\u0103 mercurul va urca p\u00e2n\u0103 la 17 grade Celsius. \u00cen intervalul de timp cuprins \u00eentre duminic\u0103, 8 [&hellip;]<\/p>\n","protected":false},"author":5,"featured_media":8305,"comment_status":"open","ping_status":"open","sticky":false,"template":"","format":"standard","meta":{"jnews-multi-image_gallery":[],"jnews_single_post":[],"jnews_primary_category":[],"jnews_override_counter":[],"footnotes":""},"categories":[45],"tags":[10031,150,131,11169,1559,126,137,2343],"class_list":["post-8304","post","type-post","status-publish","format-standard","has-post-thumbnail","hentry","category-meteo","tag-8-martie","tag-anm","tag-ceata","tag-senin","tag-sud-est","tag-temperaturi","tag-vant","tag-vremea"],"_links":{"self":[{"href":"https:\/\/www.newsrecorder.ro\/app\/wp-json\/wp\/v2\/posts\/8304","targetHints":{"allow":["GET"]}}],"collection":[{"href":"https:\/\/www.newsrecorder.ro\/app\/wp-json\/wp\/v2\/posts"}],"about":[{"href":"https:\/\/www.newsrecorder.ro\/app\/wp-json\/wp\/v2\/types\/post"}],"author":[{"embeddable":true,"href":"https:\/\/www.newsrecorder.ro\/app\/wp-json\/wp\/v2\/users\/5"}],"replies":[{"embeddable":true,"href":"https:\/\/www.newsrecorder.ro\/app\/wp-json\/wp\/v2\/comments?post=8304"}],"version-history":[{"count":0,"href":"https:\/\/www.newsrecorder.ro\/app\/wp-json\/wp\/v2\/posts\/8304\/revisions"}],"wp:featuredmedia":[{"embeddable":true,"href":"https:\/\/www.newsrecorder.ro\/app\/wp-json\/wp\/v2\/media\/8305"}],"wp:attachment":[{"href":"https:\/\/www.newsrecorder.ro\/app\/wp-json\/wp\/v2\/media?parent=8304"}],"wp:term":[{"taxonomy":"category","embeddable":true,"href":"https:\/\/www.newsrecorder.ro\/app\/wp-json\/wp\/v2\/categories?post=8304"},{"taxonomy":"post_tag","embeddable":true,"href":"https:\/\/www.newsrecorder.ro\/app\/wp-json\/wp\/v2\/tags?post=8304"}],"curies":[{"name":"wp","href":"https:\/\/api.w.org\/{rel}","templated":true}]}}