{"id":8306,"date":"2026-03-13T19:07:38","date_gmt":"2026-03-13T19:07:38","guid":{"rendered":"https:\/\/www.newsrecorder.ro\/app\/2026\/03\/13\/vremea-in-bucuresti-16-grade-si-prognoza-pentru-urmatoarele-doua-zile\/"},"modified":"2026-03-13T19:07:38","modified_gmt":"2026-03-13T19:07:38","slug":"vremea-in-bucuresti-16-grade-si-prognoza-pentru-urmatoarele-doua-zile","status":"publish","type":"post","link":"https:\/\/www.newsrecorder.ro\/app\/2026\/03\/13\/vremea-in-bucuresti-16-grade-si-prognoza-pentru-urmatoarele-doua-zile\/","title":{"rendered":"Vremea \u00een Bucure\u0219ti: 16 grade \u0219i prognoza pentru urm\u0103toarele dou\u0103 zile!"},"content":{"rendered":"<p class=\"font-claude-response-body break-words whitespace-normal leading-[1.7]\">O veste \u00eembucur\u0103toare pentru locuitorii Capitalei: \u00een prezent, nu exist\u0103 niciun cod meteorologic activ \u00een zon\u0103.<\/p>\n<p><strong>Perspectiva vremii pentru joi \u0219i noaptea spre vineri<\/strong><\/p>\n<p class=\"font-claude-response-body break-words whitespace-normal leading-[1.7]\">\u00cen urm\u0103toarele zile, valorile termice vor dep\u0103\u0219i medie specific\u0103 acestei perioade a anului. Se a\u0219teapt\u0103 cer cu \u00eennor\u0103ri temporare, \u00eenso\u021bite de un v\u00e2nt ce va sufla slab p\u00e2n\u0103 la moderat. Temperatura maxim\u0103 va atinge valori cuprinse \u00eentre 14 \u0219i 16 grade Celsius, \u00een timp ce minimele nocturne vor sc\u0103dea la 1-3 grade.<\/p>\n<p><strong>Vineri \u00een Bucure\u0219ti: vreme variabil\u0103 f\u0103r\u0103 precipita\u021bii<\/strong><\/p>\n<p class=\"font-claude-response-body break-words whitespace-normal leading-[1.7]\">Pentru ziua de vineri, 6 martie, \u00eentre orele 08:00 \u0219i 20:00, prognoza indic\u0103 un cer variabil. V\u00e2ntul va continua s\u0103 fie slab \u0219i moderat, iar temperatura va ajunge la 12-13 grade Celsius pe parcursul zilei.<\/p>\n<p class=\"font-claude-response-body break-words whitespace-normal leading-[1.7]\">Conform informa\u021biilor furnizate de Administra\u021bia Na\u021bional\u0103 de Meteorologie (ANM), pe \u00eentreaga durat\u0103 a prognozei, Bucure\u0219tiul nu se afl\u0103 sub inciden\u021ba vreunui mesaj de aten\u021bionare sau avertizare meteorologic\u0103.<\/p>\n","protected":false},"excerpt":{"rendered":"<p>O veste \u00eembucur\u0103toare pentru locuitorii Capitalei: \u00een prezent, nu exist\u0103 niciun cod meteorologic activ \u00een zon\u0103. Perspectiva vremii pentru joi \u0219i noaptea spre vineri \u00cen urm\u0103toarele zile, valorile termice vor dep\u0103\u0219i medie specific\u0103 acestei perioade a anului. Se a\u0219teapt\u0103 cer cu \u00eennor\u0103ri temporare, \u00eenso\u021bite de un v\u00e2nt ce va sufla slab p\u00e2n\u0103 la moderat. Temperatura [&hellip;]<\/p>\n","protected":false},"author":5,"featured_media":8307,"comment_status":"open","ping_status":"open","sticky":false,"template":"","format":"standard","meta":{"jnews-multi-image_gallery":[],"jnews_single_post":[],"jnews_primary_category":[],"jnews_override_counter":[],"footnotes":""},"categories":[45],"tags":[362,130,9844,133,132,126,137,125],"class_list":["post-8306","post","type-post","status-publish","format-standard","has-post-thumbnail","hentry","category-meteo","tag-bucuresti","tag-cer-variabil","tag-cod-meteorologic","tag-meteorologie","tag-prognoza","tag-temperaturi","tag-vant","tag-vreme"],"_links":{"self":[{"href":"https:\/\/www.newsrecorder.ro\/app\/wp-json\/wp\/v2\/posts\/8306","targetHints":{"allow":["GET"]}}],"collection":[{"href":"https:\/\/www.newsrecorder.ro\/app\/wp-json\/wp\/v2\/posts"}],"about":[{"href":"https:\/\/www.newsrecorder.ro\/app\/wp-json\/wp\/v2\/types\/post"}],"author":[{"embeddable":true,"href":"https:\/\/www.newsrecorder.ro\/app\/wp-json\/wp\/v2\/users\/5"}],"replies":[{"embeddable":true,"href":"https:\/\/www.newsrecorder.ro\/app\/wp-json\/wp\/v2\/comments?post=8306"}],"version-history":[{"count":0,"href":"https:\/\/www.newsrecorder.ro\/app\/wp-json\/wp\/v2\/posts\/8306\/revisions"}],"wp:featuredmedia":[{"embeddable":true,"href":"https:\/\/www.newsrecorder.ro\/app\/wp-json\/wp\/v2\/media\/8307"}],"wp:attachment":[{"href":"https:\/\/www.newsrecorder.ro\/app\/wp-json\/wp\/v2\/media?parent=8306"}],"wp:term":[{"taxonomy":"category","embeddable":true,"href":"https:\/\/www.newsrecorder.ro\/app\/wp-json\/wp\/v2\/categories?post=8306"},{"taxonomy":"post_tag","embeddable":true,"href":"https:\/\/www.newsrecorder.ro\/app\/wp-json\/wp\/v2\/tags?post=8306"}],"curies":[{"name":"wp","href":"https:\/\/api.w.org\/{rel}","templated":true}]}}