{"id":8358,"date":"2026-03-13T22:10:21","date_gmt":"2026-03-13T22:10:21","guid":{"rendered":"https:\/\/www.newsrecorder.ro\/app\/2026\/03\/13\/peste-7-400-de-romani-se-lupta-pentru-a-deveni-functionari-europeni\/"},"modified":"2026-03-13T22:10:21","modified_gmt":"2026-03-13T22:10:21","slug":"peste-7-400-de-romani-se-lupta-pentru-a-deveni-functionari-europeni","status":"publish","type":"post","link":"https:\/\/www.newsrecorder.ro\/app\/2026\/03\/13\/peste-7-400-de-romani-se-lupta-pentru-a-deveni-functionari-europeni\/","title":{"rendered":"Peste 7.400 de rom\u00e2ni se lupt\u0103 pentru a deveni func\u021bionari europeni!"},"content":{"rendered":"<p>Rom\u00e2nia se afl\u0103 pe un onorant loc 7 \u00een Uniunea European\u0103, av\u00e2nd peste 7.400 de candida\u021bi \u00eenscri\u0219i pentru competi\u021biile institu\u021biilor europene.<\/p>\n<p>Oana \u021aoiu, ministrul Afacerilor Externe, a anun\u021bat recent c\u0103 ministerul va oferi sprijin special candida\u021bilor, prin organizarea de sesiuni de preg\u0103tire. Acest demers are ca scop consolidarea reprezent\u0103rii rom\u00e2nilor \u00een structurile europene.<\/p>\n<p>\u201ePrin aceast\u0103 ini\u021biativ\u0103, care vizeaz\u0103 cre\u0219terea vizibilit\u0103\u021bii Rom\u00e2niei pe scena european\u0103, Ministerul Afacerilor Externe, \u00eempreun\u0103 cu Institutul European din Rom\u00e2nia, va facilita preg\u0103tirea candida\u021bilor rom\u00e2ni pentru concursul EPSO \u2013 Administratori (AD5). Vor fi organizate sesiuni online, gratuite, destinate celor interesa\u021bi,\u201d a declarat Oana \u021aoiu.<\/p>\n<p>Persoanele care s-au \u00eenscris pentru competi\u021bia EPSO \u0219i doresc s\u0103 participe la aceste sesiuni de preg\u0103tire sunt invitate s\u0103 completeze un chestionar disponibil p\u00e2n\u0103 la data de 17 aprilie 2026. Detalii suplimentare pot fi g\u0103site la urm\u0103torul link: <a href=\"https:\/\/forms.gle\/Q5aQ1sRi2kxgkj4f7\">Chestionar pentru \u00eenscriere<\/a>.<\/p>\n","protected":false},"excerpt":{"rendered":"<p>Rom\u00e2nia se afl\u0103 pe un onorant loc 7 \u00een Uniunea European\u0103, av\u00e2nd peste 7.400 de candida\u021bi \u00eenscri\u0219i pentru competi\u021biile institu\u021biilor europene. Oana \u021aoiu, ministrul Afacerilor Externe, a anun\u021bat recent c\u0103 ministerul va oferi sprijin special candida\u021bilor, prin organizarea de sesiuni de preg\u0103tire. Acest demers are ca scop consolidarea reprezent\u0103rii rom\u00e2nilor \u00een structurile europene. \u201ePrin aceast\u0103 [&hellip;]<\/p>\n","protected":false},"author":2,"featured_media":8359,"comment_status":"open","ping_status":"open","sticky":false,"template":"","format":"standard","meta":{"jnews-multi-image_gallery":[],"jnews_single_post":[],"jnews_primary_category":[],"jnews_override_counter":[],"footnotes":""},"categories":[42],"tags":[6062,11205,11206,359,149,11204,321,851],"class_list":["post-8358","post","type-post","status-publish","format-standard","has-post-thumbnail","hentry","category-politica","tag-candidati","tag-concurs-epsu","tag-institutul-european","tag-ministerul-afacerilor-externe","tag-romania","tag-sesiuni-de-pregatire","tag-uniunea-europeana","tag-vizibilitate"],"_links":{"self":[{"href":"https:\/\/www.newsrecorder.ro\/app\/wp-json\/wp\/v2\/posts\/8358","targetHints":{"allow":["GET"]}}],"collection":[{"href":"https:\/\/www.newsrecorder.ro\/app\/wp-json\/wp\/v2\/posts"}],"about":[{"href":"https:\/\/www.newsrecorder.ro\/app\/wp-json\/wp\/v2\/types\/post"}],"author":[{"embeddable":true,"href":"https:\/\/www.newsrecorder.ro\/app\/wp-json\/wp\/v2\/users\/2"}],"replies":[{"embeddable":true,"href":"https:\/\/www.newsrecorder.ro\/app\/wp-json\/wp\/v2\/comments?post=8358"}],"version-history":[{"count":0,"href":"https:\/\/www.newsrecorder.ro\/app\/wp-json\/wp\/v2\/posts\/8358\/revisions"}],"wp:featuredmedia":[{"embeddable":true,"href":"https:\/\/www.newsrecorder.ro\/app\/wp-json\/wp\/v2\/media\/8359"}],"wp:attachment":[{"href":"https:\/\/www.newsrecorder.ro\/app\/wp-json\/wp\/v2\/media?parent=8358"}],"wp:term":[{"taxonomy":"category","embeddable":true,"href":"https:\/\/www.newsrecorder.ro\/app\/wp-json\/wp\/v2\/categories?post=8358"},{"taxonomy":"post_tag","embeddable":true,"href":"https:\/\/www.newsrecorder.ro\/app\/wp-json\/wp\/v2\/tags?post=8358"}],"curies":[{"name":"wp","href":"https:\/\/api.w.org\/{rel}","templated":true}]}}