{"id":8360,"date":"2026-03-13T22:10:35","date_gmt":"2026-03-13T22:10:35","guid":{"rendered":"https:\/\/www.newsrecorder.ro\/app\/2026\/03\/13\/ciprian-ciucu-lanseaza-un-podcast-despre-guvernarea-capitalei\/"},"modified":"2026-03-13T22:10:35","modified_gmt":"2026-03-13T22:10:35","slug":"ciprian-ciucu-lanseaza-un-podcast-despre-guvernarea-capitalei","status":"publish","type":"post","link":"https:\/\/www.newsrecorder.ro\/app\/2026\/03\/13\/ciprian-ciucu-lanseaza-un-podcast-despre-guvernarea-capitalei\/","title":{"rendered":"Ciprian Ciucu lanseaz\u0103 un podcast despre guvernarea Capitalei!"},"content":{"rendered":"<p>Ciprian Ciucu, primarul Capitalei, a anun\u021bat pe Facebook c\u0103 va lansa un podcast, declar\u00e2nd simplu: \u201e\u00cemi fac podcast\u201d.<\/p>\n<p>\u00centr-o postare clar\u0103, edilul a subliniat c\u0103 nu se consider\u0103 adeptul platformelor precum TikTok, men\u021bion\u00e2nd: \u201eEu nu am timp, chef \u0219i nici nu m\u0103 pricep s\u0103 m\u0103 scal\u00e2mb\u0103i pe TikTok \u0219i s\u0103 v\u0103 captez aten\u021bia \u00een trei secunde, cultiv\u00e2nd ura prin live-uri \u00eent\u00e2mpl\u0103toare\u201d.<\/p>\n<p>Scopul acestui podcast este de a oferi bucure\u0219tenilor o \u00een\u021belegere profund\u0103 a modului \u00een care este administrat ora\u0219ul, precum \u0219i a politicilor necesare pentru viitor. Primarul a explicat: \u201eDac\u0103 vre\u021bi s\u0103 \u00een\u021belege\u021bi Bucure\u0219tiul p\u00e2n\u0103 \u00een str\u0103fundurile sale, s\u0103 afla\u021bi politicile pe care le avem \u00een vedere pentru viitorul apropiat \u0219i mediu, \u0219i s\u0103 vede\u021bi guvernarea prin ochii mei, nealterat\u0103 de titluri bombastice \u0219i \u00een\u0219el\u0103toare, acest podcast v\u0103 este dedicat\u201d.<\/p>\n<p>Ciucu a men\u021bionat c\u0103 ini\u021biativa este \u00eenc\u0103 \u201eWork in progress (Lucrare \u00een curs)\u201d \u0219i c\u0103 detaliile exacte ale podcastului nu sunt \u00eenc\u0103 stabilite. De asemenea, a subliniat c\u0103 ora difuz\u0103rii va fi \u201e\u00een afara programului\u201d.<\/p>\n<p>\u201eNu am \u00eenc\u0103 un nume pentru el, nu am stabilit un format (de exemplu, un tandem cu un ziarist independent care s\u0103 fie spin doctor sau un invitat diferit la fiecare episod), \u0219i nu am decis dac\u0103 va fi live sau \u00eenregistrat. De asemenea, nu am stabilit o dat\u0103 pentru lansare, dar nu va mai dura mult\u201d, a completat edilul.<\/p>\n<p>Un obiectiv ambi\u021bios pentru viitorul podcast este ca, p\u00e2n\u0103 la sf\u00e2r\u0219itul anului, s\u0103 se claseze \u00een top 20 cele mai populare podcasturi din Rom\u00e2nia.<\/p>\n","protected":false},"excerpt":{"rendered":"<p>Ciprian Ciucu, primarul Capitalei, a anun\u021bat pe Facebook c\u0103 va lansa un podcast, declar\u00e2nd simplu: \u201e\u00cemi fac podcast\u201d. \u00centr-o postare clar\u0103, edilul a subliniat c\u0103 nu se consider\u0103 adeptul platformelor precum TikTok, men\u021bion\u00e2nd: \u201eEu nu am timp, chef \u0219i nici nu m\u0103 pricep s\u0103 m\u0103 scal\u00e2mb\u0103i pe TikTok \u0219i s\u0103 v\u0103 captez aten\u021bia \u00een trei [&hellip;]<\/p>\n","protected":false},"author":2,"featured_media":8361,"comment_status":"open","ping_status":"open","sticky":false,"template":"","format":"standard","meta":{"jnews-multi-image_gallery":[],"jnews_single_post":[],"jnews_primary_category":[],"jnews_override_counter":[],"footnotes":""},"categories":[42],"tags":[1360,362,1044,526,1341,5871,1045,2853],"class_list":["post-8360","post","type-post","status-publish","format-standard","has-post-thumbnail","hentry","category-politica","tag-administratie","tag-bucuresti","tag-ciprian-ciucu","tag-guvernare","tag-podcast","tag-politici","tag-primar","tag-social-media"],"_links":{"self":[{"href":"https:\/\/www.newsrecorder.ro\/app\/wp-json\/wp\/v2\/posts\/8360","targetHints":{"allow":["GET"]}}],"collection":[{"href":"https:\/\/www.newsrecorder.ro\/app\/wp-json\/wp\/v2\/posts"}],"about":[{"href":"https:\/\/www.newsrecorder.ro\/app\/wp-json\/wp\/v2\/types\/post"}],"author":[{"embeddable":true,"href":"https:\/\/www.newsrecorder.ro\/app\/wp-json\/wp\/v2\/users\/2"}],"replies":[{"embeddable":true,"href":"https:\/\/www.newsrecorder.ro\/app\/wp-json\/wp\/v2\/comments?post=8360"}],"version-history":[{"count":0,"href":"https:\/\/www.newsrecorder.ro\/app\/wp-json\/wp\/v2\/posts\/8360\/revisions"}],"wp:featuredmedia":[{"embeddable":true,"href":"https:\/\/www.newsrecorder.ro\/app\/wp-json\/wp\/v2\/media\/8361"}],"wp:attachment":[{"href":"https:\/\/www.newsrecorder.ro\/app\/wp-json\/wp\/v2\/media?parent=8360"}],"wp:term":[{"taxonomy":"category","embeddable":true,"href":"https:\/\/www.newsrecorder.ro\/app\/wp-json\/wp\/v2\/categories?post=8360"},{"taxonomy":"post_tag","embeddable":true,"href":"https:\/\/www.newsrecorder.ro\/app\/wp-json\/wp\/v2\/tags?post=8360"}],"curies":[{"name":"wp","href":"https:\/\/api.w.org\/{rel}","templated":true}]}}