{"id":8362,"date":"2026-03-13T22:10:59","date_gmt":"2026-03-13T22:10:59","guid":{"rendered":"https:\/\/www.newsrecorder.ro\/app\/2026\/03\/13\/fermierii-romani-nevoiti-sa-vanda-prin-offshore-pentru-a-patrunde-in-supermarketuri\/"},"modified":"2026-03-13T22:10:59","modified_gmt":"2026-03-13T22:10:59","slug":"fermierii-romani-nevoiti-sa-vanda-prin-offshore-pentru-a-patrunde-in-supermarketuri","status":"publish","type":"post","link":"https:\/\/www.newsrecorder.ro\/app\/2026\/03\/13\/fermierii-romani-nevoiti-sa-vanda-prin-offshore-pentru-a-patrunde-in-supermarketuri\/","title":{"rendered":"Fermierii rom\u00e2ni, nevoi\u021bi s\u0103 v\u00e2nd\u0103 prin offshore pentru a p\u0103trunde \u00een supermarketuri!"},"content":{"rendered":"<p>Ministrul Agriculturii a purtat discu\u021bii cu fermieri, a studiat datele de pe pia\u021b\u0103 \u0219i a efectuat verific\u0103ri personale \u00een magazine pentru a \u00een\u021belege mai bine situa\u021bia actual\u0103. Rezultatul acestor observa\u021bii este \u00eengrijor\u0103tor: exist\u0103 diferen\u021be semnificative \u00eentre pre\u021burile de la poarta fermei \u0219i cele din supermarketuri, iar produsele de import sunt abundente, \u00een timp ce produsele autohtone sunt din ce \u00een ce mai greu de g\u0103sit pe rafturi.<\/p>\n<p>Conform declara\u021biilor sale, dezechilibrul \u00eentre pre\u021bul pe care \u00eel primesc fermierii \u0219i cel pe care \u00eel pl\u0103tesc consumatorii este alarmant. De exemplu, porcul este v\u00e2ndut de fermieri la un pre\u021b de aproximativ 4,3 lei pe kilogram, \u00een timp ce \u00een supermarketuri acesta ajunge s\u0103 coste \u00eentre 20 \u0219i 28 de lei pe kilogram.<\/p>\n<p>Ministrul a subliniat: \u201eDe ce sunt nevoi\u021bi fermierii rom\u00e2ni s\u0103 \u00ee\u0219i v\u00e2nd\u0103 produc\u021bia c\u0103tre firme offshore din Cipru pentru a putea accesa pia\u021ba supermarketurilor din Rom\u00e2nia? Este esen\u021bial ca Consiliul Concuren\u021bei s\u0103 investigheze aceast\u0103 situa\u021bie cu maxim\u0103 urgen\u021b\u0103!\u201d<\/p>\n<p>\u201eAm discutat cu fermieri, am analizat datele \u0219i am vizitat magazine. La un supermarket al unui mare retailer german, am constatat c\u0103 rafturile erau pline de carne de porc din Spania, aproape de termenul de expirare, \u00een timp ce oferta de carne rom\u00e2neasc\u0103 era limitat\u0103 \u0219i la pre\u021buri mai mari dec\u00e2t cele de import. Ast\u0103zi, la poarta fermei, porcul se vinde cu aproximativ 4,3 lei\/kg, iar \u00een supermarketuri pre\u021bul mediu variaz\u0103 \u00eentre 20 \u0219i 28 de lei.\u201d<\/p>\n<p>Fermierii se afl\u0103 \u00eentr-o situa\u021bie dificil\u0103, fiind nevoi\u021bi s\u0103 v\u00e2nd\u0103 sub costul de produc\u021bie sau s\u0103 \u00ee\u0219i \u00eenchid\u0103 fermele, \u00een timp ce consumatorii pl\u0103tesc tot mai mult pentru carne provenit\u0103 din import. Pe parcursul lan\u021bului de distribu\u021bie, adaosurile comerciale ridic\u0103 multe semne de \u00eentrebare. Din cauza acestor mecanisme, fermele rom\u00e2ne\u0219ti se \u00eenchid, iar rom\u00e2nii ajung s\u0103 pl\u0103teasc\u0103 din ce \u00een ce mai mult pentru alimente. \u201eAtrag aten\u021bia Consiliului Concuren\u021bei s\u0103 verifice cine beneficiaz\u0103 de pe urma acestui lan\u021b comercial \u0219i de ce fermierii \u0219i consumatorii rom\u00e2ni trebuie s\u0103 suporte costuri at\u00e2t de ridicate!\u201d a ad\u0103ugat ministrul.<\/p>\n<p>Situa\u021bia \u00een sectorul c\u0103rnii de pas\u0103re este la fel de alarmant\u0103. De exemplu, peste 60% din produsele disponibile sunt etichetate sub un singur brand \u2013 Gustavi, care apar\u021bine unei firme \u00eenfiin\u021bate \u00een 2024, cu doar cinci angaja\u021bi, \u0219i care este, la r\u00e2ndul ei, de\u021binut\u0103 de un offshore din Cipru. Aceste companii se limiteaz\u0103 la comercializarea produselor unor mari produc\u0103tori rom\u00e2ni.<\/p>\n<p><strong>Astfel, produsele unor companii rom\u00e2ne\u0219ti cunoscute, precum Avicola Crevedia, Coco Rico, Morandi, Avicola Foc\u0219ani sau EuroAvi, care au sute de angaja\u021bi \u0219i o produc\u021bie real\u0103, nu reu\u0219esc s\u0103 ajung\u0103 pe rafturile supermarketurilor.<\/strong> Este \u00eengrijor\u0103tor cum o firm\u0103 din Cipru reu\u0219e\u0219te s\u0103 umple rafturile supermarketurilor din Rom\u00e2nia cu produse ob\u021binute de la fermieri rom\u00e2ni.<\/p>\n<p>\u201eReiter\u0103m: Ministerul Agriculturii nu are atribu\u021bii de control, dar se va implica al\u0103turi de Consiliul Concuren\u021bei \u0219i de alte autorit\u0103\u021bi competente pentru a stopa aceste practici comerciale neloiale!\u201d, a subliniat ministrul pe pagina sa oficial\u0103 de Facebook.<\/p>\n","protected":false},"excerpt":{"rendered":"<p>Ministrul Agriculturii a purtat discu\u021bii cu fermieri, a studiat datele de pe pia\u021b\u0103 \u0219i a efectuat verific\u0103ri personale \u00een magazine pentru a \u00een\u021belege mai bine situa\u021bia actual\u0103. Rezultatul acestor observa\u021bii este \u00eengrijor\u0103tor: exist\u0103 diferen\u021be semnificative \u00eentre pre\u021burile de la poarta fermei \u0219i cele din supermarketuri, iar produsele de import sunt abundente, \u00een timp ce produsele [&hellip;]<\/p>\n","protected":false},"author":2,"featured_media":8363,"comment_status":"open","ping_status":"open","sticky":false,"template":"","format":"standard","meta":{"jnews-multi-image_gallery":[],"jnews_single_post":[],"jnews_primary_category":[],"jnews_override_counter":[],"footnotes":""},"categories":[42],"tags":[467,376,9767,468,2098,535,11207,11208],"class_list":["post-8362","post","type-post","status-publish","format-standard","has-post-thumbnail","hentry","category-politica","tag-agricultura","tag-dezechilibru","tag-fermieri","tag-importuri","tag-piata","tag-preturi","tag-produse-autohtone","tag-supermarketuri"],"_links":{"self":[{"href":"https:\/\/www.newsrecorder.ro\/app\/wp-json\/wp\/v2\/posts\/8362","targetHints":{"allow":["GET"]}}],"collection":[{"href":"https:\/\/www.newsrecorder.ro\/app\/wp-json\/wp\/v2\/posts"}],"about":[{"href":"https:\/\/www.newsrecorder.ro\/app\/wp-json\/wp\/v2\/types\/post"}],"author":[{"embeddable":true,"href":"https:\/\/www.newsrecorder.ro\/app\/wp-json\/wp\/v2\/users\/2"}],"replies":[{"embeddable":true,"href":"https:\/\/www.newsrecorder.ro\/app\/wp-json\/wp\/v2\/comments?post=8362"}],"version-history":[{"count":0,"href":"https:\/\/www.newsrecorder.ro\/app\/wp-json\/wp\/v2\/posts\/8362\/revisions"}],"wp:featuredmedia":[{"embeddable":true,"href":"https:\/\/www.newsrecorder.ro\/app\/wp-json\/wp\/v2\/media\/8363"}],"wp:attachment":[{"href":"https:\/\/www.newsrecorder.ro\/app\/wp-json\/wp\/v2\/media?parent=8362"}],"wp:term":[{"taxonomy":"category","embeddable":true,"href":"https:\/\/www.newsrecorder.ro\/app\/wp-json\/wp\/v2\/categories?post=8362"},{"taxonomy":"post_tag","embeddable":true,"href":"https:\/\/www.newsrecorder.ro\/app\/wp-json\/wp\/v2\/tags?post=8362"}],"curies":[{"name":"wp","href":"https:\/\/api.w.org\/{rel}","templated":true}]}}